{"id":42069,"date":"2021-07-12T07:00:33","date_gmt":"2021-07-12T11:00:33","guid":{"rendered":"https:\/\/www.radioamigavallenar.cl\/?p=42069"},"modified":"2021-07-11T23:38:47","modified_gmt":"2021-07-12T03:38:47","slug":"autoridades-informaron-de-los-nuevos-beneficios-estatales-a-representantes-de-la-camara-de-comercio-de-caldera","status":"publish","type":"post","link":"https:\/\/www.radioamigavallenar.cl\/?p=42069","title":{"rendered":"Autoridades informaron de los nuevos beneficios estatales a representantes de la c\u00e1mara de comercio de Caldera"},"content":{"rendered":"<p class=\"v1MsoNormal\">Con la finalidad de dar a conocer los beneficios y oportunidades que el Gobierno dispone actualmente para todas las personas, y en particular, para quienes forman parte de las comunidades de pymes y emprendedoras de Caldera, el Seremi de Bienes Nacionales de Atacama, Pablo Cantellano; junto al Seremi de Econom\u00eda, Manuel Nanjar\u00ed; la Seremi de la Mujer y Equidad de G\u00e9nero; Jessica G\u00f3mez; y el director de Sernatur, Alejandro Martin, se reunieron junto a diversos representantes de la Asociaci\u00f3n Gremial de la C\u00e1mara de Comercio y Turismo de Caldera.<\/p>\n<p class=\"v1MsoNormal\">El encuentro tuvo como objeto difundir los alcances del Ingreso Familiar de Emergencia Universal, el Bono pyme, el nuevo Plan Paso a Paso, y la licitaci\u00f3n que Bienes Nacionales dispone en torno a tres pa\u00f1os de terreno en el sector del Parque Nacional Pan de Az\u00facar, a trav\u00e9s de lo cual, busca poner en valor la entrega de diversos servicios y prestaciones de car\u00e1cter tur\u00edstico sustentable, para todos los visitantes de este hito cha\u00f1aralino.<\/p>\n<p class=\"v1MsoNormal\">\u201cDesde la perspectiva de Bienes Nacionales, informamos la puesta en valor del sector de Pan de Az\u00facar, el cual, por sus cualidades econ\u00f3micas y tur\u00edsticas, es susceptible de explotaci\u00f3n. Por lo mismo, estuvimos en compa\u00f1\u00eda de representantes de la C\u00e1mara de Comercio de Caldera, para la difusi\u00f3n del proceso de licitaci\u00f3n que actualmente estamos llevando a cabo\u201d, indic\u00f3 Pablo Cantellano, Seremi de Bienes Nacionales de Atacama, quien agreg\u00f3 que \u201cesto tiene por objeto efectuar una concesi\u00f3n de uso oneroso, para la prestaci\u00f3n de determinados servicios tur\u00edsticos, entre los cuales destaca el camping, la alimentaci\u00f3n y la instalaci\u00f3n de un kiosco, a fin de otorgarles a los visitantes de este maravilloso sector de nuestra regi\u00f3n, las mejores condiciones\u201d.<\/p>\n<p class=\"v1MsoNormal\">Cantellano destac\u00f3 que igualmente \u201cel Gobierno ha efectuado una serie de anuncios tendientes al mejoramiento de las Pymes, pero tambi\u00e9n con enfoque de g\u00e9nero, otorg\u00e1ndoles un suplemento a los bonos, respecto de aquellas Pymes donde la mujer es la cabeza del emprendimiento. (As\u00ed) tambi\u00e9n promovimos y comunicamos cada una de las respuestas que el Gobierno del Presidente Pi\u00f1era est\u00e1 efectuando en materia de mejoramiento de nuestra econom\u00eda, particularmente promoviendo una mayor protecci\u00f3n a nuestras peque\u00f1as y medianas empresas, pero tambi\u00e9n desde un enfoque de g\u00e9nero\u201d.<\/p>\n<p class=\"v1MsoNormal\">En dicha l\u00ednea, la Seremi de la Mujer y Equidad de G\u00e9nero de la Regi\u00f3n de Atacama, Jessica G\u00f3mez, destac\u00f3 que \u201cestar con los representantes de los distintos sectores, y en este caso, con \u00a0la C\u00e1mara de Comercio y distintas organizaciones, siempre es positivo, y tambi\u00e9n el poder recoger a trav\u00e9s de ellos las distintas demandas que puedan tener. Abordamos diversos temas, los beneficios que estamos entregando como Gobierno, como tambi\u00e9n las tem\u00e1ticas relacionadas con el Ministerio de la Mujer y Equidad de G\u00e9nero, coloc\u00e1ndonos a disposici\u00f3n para empezar un nuevo trabajo con ellos, y traerles las recomendaciones que tienen que ver con la violencia hacia las mujeres\u201d.<\/p>\n<p class=\"v1MsoNormal\">Por su parte, Alejandro Martin, Director Regional de Sernatur asegur\u00f3 que \u201ca nosotros nos ayuda mucho el poder transmitirles las cosas que estamos haciendo, y cu\u00e1les son los \u00e9nfasis, principalmente dirigidos hacia los emprendedores vinculados al comercio que est\u00e1n necesariamente trabajando en turismo. En este caso, estuvimos informando acerca de la licitaci\u00f3n que se encuentra abierta en el Parque Nacional Pan de Az\u00facar, y todas las iniciativas que se est\u00e1n levantando desde el mundo del turismo, haciendo \u00e9nfasis en hacer un redoble de esfuerzo para poder mantener las condiciones sanitarias que hoy d\u00eda el Plan Paso a Paso permite a trav\u00e9s del pase de movilidad. El tener algunas libertades mayores, va a empezar a movilizar un poco m\u00e1s de gente, (por lo tanto) esto tenemos que tomarlo de la manera m\u00e1s responsable posible, de la mano de los protocolos sanitarios y el certificado de confianza tur\u00edstica\u201d, concluy\u00f3.<\/p>\n<p class=\"v1MsoNormal\"><b>Agradecimiento de los convocados<\/b><\/p>\n<p class=\"v1MsoNormal\">Tras la reuni\u00f3n, Amalia Godoy, emprendedora en pasteler\u00eda para cel\u00edacos, y presidenta de la Comunidad Diaguita Wentrun Lafqu\u00e9n de Caldera, asegur\u00f3 estar \u201cmuy agradecida por la informaci\u00f3n, y porque todos los Seremis est\u00e1n dispuestos a trabajar con las mujeres, y especialmente porque tenemos muchas mujeres ac\u00e1 en nuestras comunidades\u201d. Por su parte, Fernando Riquelme, presidente de la C\u00e1mara de Comercio y Turismo de Caldera, agradeci\u00f3 a las autoridades convocantes, \u201cporque necesitamos que los comerciantes sepan que estamos apoyados por el Gobierno. Espero que estos encuentros se sigan haciendo, porque la verdad es que logr\u00f3 su fruto, estamos muy contentos con la informaci\u00f3n que se nos acaba de entregar. Todo esto da realce, y m\u00e1s deseos de seguir trabajando con m\u00e1s perspectivas, y realmente toda la informaci\u00f3n que trajeron hoy d\u00eda, de todos los beneficios del IFE Universal, del plan Paso a Paso y todos los beneficios para las Pyme, fueron fabulosos\u201d.<\/p>\n<p class=\"v1MsoNormal\"><b>Licitaci\u00f3n del Parque Pan de Az\u00facar<\/b><\/p>\n<p class=\"v1MsoNormal\">A la hora del cierre, el Seremi de Bienes Nacionales, hizo un llamado a todas las personas que tengan inter\u00e9s en participar del proceso licitatorio del Parque Pan de Az\u00facar, con la visi\u00f3n de explotar esta zona desde el punto de vista tur\u00edstico y econ\u00f3mico. \u201cClaramente, el sector de Pan de Az\u00facar es uno de los lugares m\u00e1s hermosos de nuestro pa\u00eds, con un potencial tur\u00edstico de escala mundial, y en ese sentido es importante que las personas, que los operadores tur\u00edsticos, que el comercio y todas aquellas personas vinculadas al mundo de las Pymes y de la gran industria, participen de esta licitaci\u00f3n cuyos antecedentes est\u00e1n disponibles en el sitio web\u00a0<a href=\"http:\/\/licitaciones.bienes.cl\/licitacion\/parque-nacional-pan-de-azucar\/\" target=\"_blank\" rel=\"noopener noreferrer\">http:\/\/licitaciones.bienes.cl\/licitacion\/parque-nacional-pan-de-azucar\/<\/a>\u00a0\u201c, finaliz\u00f3.<\/p>\n","protected":false},"excerpt":{"rendered":"<p>Con la finalidad de dar a conocer los beneficios y oportunidades que el Gobierno dispone actualmente para todas las personas, y en particular, para quienes&hellip; <\/p>\n","protected":false},"author":2,"featured_media":42070,"comment_status":"open","ping_status":"closed","sticky":false,"template":"","format":"standard","meta":{"footnotes":""},"categories":[7],"tags":[],"class_list":["post-42069","post","type-post","status-publish","format-standard","has-post-thumbnail","hentry","category-atacama"],"_links":{"self":[{"href":"https:\/\/www.radioamigavallenar.cl\/index.php?rest_route=\/wp\/v2\/posts\/42069","targetHints":{"allow":["GET"]}}],"collection":[{"href":"https:\/\/www.radioamigavallenar.cl\/index.php?rest_route=\/wp\/v2\/posts"}],"about":[{"href":"https:\/\/www.radioamigavallenar.cl\/index.php?rest_route=\/wp\/v2\/types\/post"}],"author":[{"embeddable":true,"href":"https:\/\/www.radioamigavallenar.cl\/index.php?rest_route=\/wp\/v2\/users\/2"}],"replies":[{"embeddable":true,"href":"https:\/\/www.radioamigavallenar.cl\/index.php?rest_route=%2Fwp%2Fv2%2Fcomments&post=42069"}],"version-history":[{"count":1,"href":"https:\/\/www.radioamigavallenar.cl\/index.php?rest_route=\/wp\/v2\/posts\/42069\/revisions"}],"predecessor-version":[{"id":42071,"href":"https:\/\/www.radioamigavallenar.cl\/index.php?rest_route=\/wp\/v2\/posts\/42069\/revisions\/42071"}],"wp:featuredmedia":[{"embeddable":true,"href":"https:\/\/www.radioamigavallenar.cl\/index.php?rest_route=\/wp\/v2\/media\/42070"}],"wp:attachment":[{"href":"https:\/\/www.radioamigavallenar.cl\/index.php?rest_route=%2Fwp%2Fv2%2Fmedia&parent=42069"}],"wp:term":[{"taxonomy":"category","embeddable":true,"href":"https:\/\/www.radioamigavallenar.cl\/index.php?rest_route=%2Fwp%2Fv2%2Fcategories&post=42069"},{"taxonomy":"post_tag","embeddable":true,"href":"https:\/\/www.radioamigavallenar.cl\/index.php?rest_route=%2Fwp%2Fv2%2Ftags&post=42069"}],"curies":[{"name":"wp","href":"https:\/\/api.w.org\/{rel}","templated":true}]}}