{"id":42067,"date":"2021-07-12T07:00:34","date_gmt":"2021-07-12T11:00:34","guid":{"rendered":"https:\/\/www.radioamigavallenar.cl\/?p=42067"},"modified":"2021-07-11T23:19:49","modified_gmt":"2021-07-12T03:19:49","slug":"seremi-de-salud-confirma-10-contactos-estrechos-de-la-variante-delta-en-la-serena","status":"publish","type":"post","link":"https:\/\/www.radioamigavallenar.cl\/?p=42067","title":{"rendered":"Seremi de salud confirma 10 contactos estrechos de la variante Delta en La Serena"},"content":{"rendered":"<div class=\"field field-name-field-bajada field-type-text-long field-label-hidden lead\">\n<div class=\"field-items\">\n<div class=\"field-item even\">Ocho se encuentran con PCR negativo y se est\u00e1 a la espera de los resultados de las otras dos personas.<\/div>\n<\/div>\n<\/div>\n<div class=\"field field-name-body field-type-text-with-summary field-label-hidden\">\n<div class=\"field-items\">\n<div class=\"field-item even\">\n<p>Tal como se esperaba mediante un punto de prensa que se realiz\u00f3 en el Mall Vivo de la comuna de Coquimbo, el seremi de salud de la regi\u00f3n, Alejandro Garc\u00eda, explic\u00f3 la activaci\u00f3n del Protocolo Covid en la noche de ayer en un condominio en La Serena.<\/p>\n<p>La autoridad confirm\u00f3 \u00a0que la regi\u00f3n de Coquimbo present\u00f3 un total de diez personas que fueron contactos estrechos con un contagiado con la nueva variante del covid-19, esto a ra\u00edz de los estudios epidemiol\u00f3gicos realizados \u00a0en la regi\u00f3n Metropolitana y en la regi\u00f3n de Coquimbo.<\/p>\n<div class=\"separator clearfix\"><\/div>\n<p>De acuerdo a lo informado, todos los involucrados llegaron al pa\u00eds desde el extranjero y compartieron el vuelo con un contagiado con la nueva variante, por lo que se activ\u00f3 un estricto protocolo sanitario.00<\/p>\n<p>La autoridad sanitaria explic\u00f3 que de los diez contactos estrechos, ocho ya recibieron el resultado del examen, el cual arroj\u00f3 negativo, mientras durante la jornada de hoy, se conocer\u00e1n el resultado de las otras dos personas.<\/p>\n<p>Todos los involucrados se encuentran en residencias sanitarias realizando su cuarentena respectiva. \u201cSon contactos estrechos que est\u00e1n siendo monitorizados\u00a0 a trav\u00e9s de la unidad de epidemiolog\u00eda de la seremi de salud\u201d, precis\u00f3.<\/p>\n<p>&nbsp;<\/p>\n<\/div>\n<\/div>\n<\/div>\n","protected":false},"excerpt":{"rendered":"<p>Ocho se encuentran con PCR negativo y se est\u00e1 a la espera de los resultados de las otras dos personas. Tal como se esperaba mediante&hellip; <\/p>\n","protected":false},"author":2,"featured_media":24785,"comment_status":"open","ping_status":"closed","sticky":false,"template":"","format":"standard","meta":{"footnotes":""},"categories":[37],"tags":[],"class_list":["post-42067","post","type-post","status-publish","format-standard","has-post-thumbnail","hentry","category-nacional"],"_links":{"self":[{"href":"https:\/\/www.radioamigavallenar.cl\/index.php?rest_route=\/wp\/v2\/posts\/42067","targetHints":{"allow":["GET"]}}],"collection":[{"href":"https:\/\/www.radioamigavallenar.cl\/index.php?rest_route=\/wp\/v2\/posts"}],"about":[{"href":"https:\/\/www.radioamigavallenar.cl\/index.php?rest_route=\/wp\/v2\/types\/post"}],"author":[{"embeddable":true,"href":"https:\/\/www.radioamigavallenar.cl\/index.php?rest_route=\/wp\/v2\/users\/2"}],"replies":[{"embeddable":true,"href":"https:\/\/www.radioamigavallenar.cl\/index.php?rest_route=%2Fwp%2Fv2%2Fcomments&post=42067"}],"version-history":[{"count":1,"href":"https:\/\/www.radioamigavallenar.cl\/index.php?rest_route=\/wp\/v2\/posts\/42067\/revisions"}],"predecessor-version":[{"id":42068,"href":"https:\/\/www.radioamigavallenar.cl\/index.php?rest_route=\/wp\/v2\/posts\/42067\/revisions\/42068"}],"wp:featuredmedia":[{"embeddable":true,"href":"https:\/\/www.radioamigavallenar.cl\/index.php?rest_route=\/wp\/v2\/media\/24785"}],"wp:attachment":[{"href":"https:\/\/www.radioamigavallenar.cl\/index.php?rest_route=%2Fwp%2Fv2%2Fmedia&parent=42067"}],"wp:term":[{"taxonomy":"category","embeddable":true,"href":"https:\/\/www.radioamigavallenar.cl\/index.php?rest_route=%2Fwp%2Fv2%2Fcategories&post=42067"},{"taxonomy":"post_tag","embeddable":true,"href":"https:\/\/www.radioamigavallenar.cl\/index.php?rest_route=%2Fwp%2Fv2%2Ftags&post=42067"}],"curies":[{"name":"wp","href":"https:\/\/api.w.org\/{rel}","templated":true}]}}