{"id":42065,"date":"2021-07-12T07:00:47","date_gmt":"2021-07-12T11:00:47","guid":{"rendered":"https:\/\/www.radioamigavallenar.cl\/?p=42065"},"modified":"2021-07-11T23:09:14","modified_gmt":"2021-07-12T03:09:14","slug":"expertos-llaman-a-ser-cautelosos-ante-relajacion-de-medidas-del-gobierno","status":"publish","type":"post","link":"https:\/\/www.radioamigavallenar.cl\/?p=42065","title":{"rendered":"Expertos llaman a ser cautelosos ante relajaci\u00f3n de medidas del Gobierno"},"content":{"rendered":"<p>El Ministerio de Salud inform\u00f3\u00a0<strong>el porcentaje de positividad m\u00e1s bajo en 217 d\u00edas respecto de los casos de covid-19,<\/strong>\u00a0la cifra alcanz\u00f3 el 4,03%. En el balance, tambi\u00e9n se reportaron 2.696 casos nuevos y 131 decesos vinculados a la pandemia.<\/p>\n<p>Con estas nuevas cifras, el total de contagios se eleva a 17.843 casos.<\/p>\n<p>En este contexto, y respecto de las modificaciones del\u00a0<strong>Plan Paso a Paso<\/strong><strong>, expertos se\u00f1alan que estos deben ir acompa\u00f1ados de un mensaje de responsabilidad; aumento de trazabilidad y una activa campa\u00f1a de vacunaci\u00f3n.<\/strong><\/p>\n<div class=\"lee-tambien-bbcl\">\n<div class=\"lee-tambien-caja\">Adem\u00e1s, report\u00f3 65.849 resultados de ex\u00e1menes PCR y ant\u00edgenos en el mismo periodo, por lo que la positividad lleg\u00f3 al 4,03% a nivel nacional. <strong>Este porcentaje alcanz\u00f3 la cifra m\u00e1s baja desde el 5 de diciembre del a\u00f1o 2020.<\/strong><\/div>\n<\/div>\n<p>Respecto a la red asistencial hay 2.441 pacientes que teniendo COVID est\u00e1n internados en Unidad de Cuidados Intensivos, y quedan 341 camas cr\u00edticas disponibles.<\/p>\n<div class=\"lee-tambien-bbcl\">\n<div class=\"lee-tambien-caja\">Todas estas cifras, que demuestran un escenario menos negativo ante la pandemia, llegan previo a los cambios que surgir\u00e1n en el Plan Paso a Paso; el cual ha recibido tantas cr\u00edticas como elogios.<\/div>\n<\/div>\n<p>El m\u00e9dico y mag\u00edster en Salud P\u00fablica, Juan Carlos Said, declar\u00f3 que<strong>\u00a0estas modificaciones a las restricciones sanitarias, debieron haber esperado un mejor escenario de la pandemia<\/strong>, m\u00e1s a\u00fan considerando la variante Delta, para no arruinar los avances de las \u00faltimas semanas.<\/p>\n<p>La directora del Centro de Epidemiolog\u00eda de la Cl\u00ednica Alemana y la Universidad del Desarrollo, Ximena Aguilera, declar\u00f3 que estas nuevas medidas deben ir acompa\u00f1adas de mensajes claros que destaquen la responsabilidad ciudadana, adem\u00e1s de una mayor trazabilidad, y campa\u00f1as de vacunaci\u00f3n.<\/p>\n<p>En cuanto a la llegada de la variante Delta al territorio nacional, Aguilera agreg\u00f3 que es necesario que las personas tengan conciencia de que estos tiempos no son un buen momento para salir del pa\u00eds.00<\/p>\n","protected":false},"excerpt":{"rendered":"<p>El Ministerio de Salud inform\u00f3\u00a0el porcentaje de positividad m\u00e1s bajo en 217 d\u00edas respecto de los casos de covid-19,\u00a0la cifra alcanz\u00f3 el 4,03%. En el&hellip; <\/p>\n","protected":false},"author":2,"featured_media":37462,"comment_status":"open","ping_status":"closed","sticky":false,"template":"","format":"standard","meta":{"footnotes":""},"categories":[37],"tags":[],"class_list":["post-42065","post","type-post","status-publish","format-standard","has-post-thumbnail","hentry","category-nacional"],"_links":{"self":[{"href":"https:\/\/www.radioamigavallenar.cl\/index.php?rest_route=\/wp\/v2\/posts\/42065","targetHints":{"allow":["GET"]}}],"collection":[{"href":"https:\/\/www.radioamigavallenar.cl\/index.php?rest_route=\/wp\/v2\/posts"}],"about":[{"href":"https:\/\/www.radioamigavallenar.cl\/index.php?rest_route=\/wp\/v2\/types\/post"}],"author":[{"embeddable":true,"href":"https:\/\/www.radioamigavallenar.cl\/index.php?rest_route=\/wp\/v2\/users\/2"}],"replies":[{"embeddable":true,"href":"https:\/\/www.radioamigavallenar.cl\/index.php?rest_route=%2Fwp%2Fv2%2Fcomments&post=42065"}],"version-history":[{"count":1,"href":"https:\/\/www.radioamigavallenar.cl\/index.php?rest_route=\/wp\/v2\/posts\/42065\/revisions"}],"predecessor-version":[{"id":42066,"href":"https:\/\/www.radioamigavallenar.cl\/index.php?rest_route=\/wp\/v2\/posts\/42065\/revisions\/42066"}],"wp:featuredmedia":[{"embeddable":true,"href":"https:\/\/www.radioamigavallenar.cl\/index.php?rest_route=\/wp\/v2\/media\/37462"}],"wp:attachment":[{"href":"https:\/\/www.radioamigavallenar.cl\/index.php?rest_route=%2Fwp%2Fv2%2Fmedia&parent=42065"}],"wp:term":[{"taxonomy":"category","embeddable":true,"href":"https:\/\/www.radioamigavallenar.cl\/index.php?rest_route=%2Fwp%2Fv2%2Fcategories&post=42065"},{"taxonomy":"post_tag","embeddable":true,"href":"https:\/\/www.radioamigavallenar.cl\/index.php?rest_route=%2Fwp%2Fv2%2Ftags&post=42065"}],"curies":[{"name":"wp","href":"https:\/\/api.w.org\/{rel}","templated":true}]}}