{"id":42062,"date":"2021-07-12T07:00:13","date_gmt":"2021-07-12T11:00:13","guid":{"rendered":"https:\/\/www.radioamigavallenar.cl\/?p=42062"},"modified":"2021-07-11T23:04:15","modified_gmt":"2021-07-12T03:04:15","slug":"inauguracion-de-la-sala-de-rehabilitacion-infantil-en-alto-del-carmen","status":"publish","type":"post","link":"https:\/\/www.radioamigavallenar.cl\/?p=42062","title":{"rendered":"Inauguraci\u00f3n de la sala de Rehabilitaci\u00f3n Infantil, en Alto del Carmen"},"content":{"rendered":"<div class=\"kvgmc6g5 cxmmr5t8 oygrvhab hcukyx3x c1et5uql ii04i59q\">\n<div dir=\"auto\">\n<div class=\"kvgmc6g5 cxmmr5t8 oygrvhab hcukyx3x c1et5uql ii04i59q\">\n<div dir=\"auto\">Con la presencia del Director Nacional de Senadis Francisco Subercaseaux, se llev\u00f3 a cabo la inauguraci\u00f3n de una sala de Rehabilitaci\u00f3n Infantil, en la comuna de Alto del Carmen. La iniciativa se concreta mediante el convenio suscrito entre el Senadis y la Municipalidad de Alto del Carmen.<\/div>\n<\/div>\n<div class=\"o9v6fnle cxmmr5t8 oygrvhab hcukyx3x c1et5uql ii04i59q\">\n<div dir=\"auto\"><\/div>\n<div dir=\"auto\">En la ocasi\u00f3n se llev\u00f3 a cabo, tambi\u00e9n la firma de un convenio de ejecuci\u00f3n estrat\u00e9gica de desarrollo inclusivo con el municipio de Alto del Carmen.<\/div>\n<div dir=\"auto\"><\/div>\n<\/div>\n<div class=\"o9v6fnle cxmmr5t8 oygrvhab hcukyx3x c1et5uql ii04i59q\">\n<div dir=\"auto\">En el encuentro estuvieron presentes, adem\u00e1s el Alcalde de la comuna Cristian Olivares, la Gobernadora de la Provincia, Nelly Galeb, la Diputada Sof\u00eda Cid, El Seremi de Desarrollo Social, Luis Morales, la Directora Regional de Senadis, el Consejero Regional, Roberto Alegr\u00eda Autoridades Regionales y locales, adem\u00e1s de beneficiarios.<\/div>\n<\/div>\n<\/div>\n<\/div>\n","protected":false},"excerpt":{"rendered":"<p>Con la presencia del Director Nacional de Senadis Francisco Subercaseaux, se llev\u00f3 a cabo la inauguraci\u00f3n de una sala de Rehabilitaci\u00f3n Infantil, en la comuna&hellip; <\/p>\n","protected":false},"author":2,"featured_media":42063,"comment_status":"open","ping_status":"closed","sticky":false,"template":"","format":"standard","meta":{"footnotes":""},"categories":[7],"tags":[],"class_list":["post-42062","post","type-post","status-publish","format-standard","has-post-thumbnail","hentry","category-atacama"],"_links":{"self":[{"href":"https:\/\/www.radioamigavallenar.cl\/index.php?rest_route=\/wp\/v2\/posts\/42062","targetHints":{"allow":["GET"]}}],"collection":[{"href":"https:\/\/www.radioamigavallenar.cl\/index.php?rest_route=\/wp\/v2\/posts"}],"about":[{"href":"https:\/\/www.radioamigavallenar.cl\/index.php?rest_route=\/wp\/v2\/types\/post"}],"author":[{"embeddable":true,"href":"https:\/\/www.radioamigavallenar.cl\/index.php?rest_route=\/wp\/v2\/users\/2"}],"replies":[{"embeddable":true,"href":"https:\/\/www.radioamigavallenar.cl\/index.php?rest_route=%2Fwp%2Fv2%2Fcomments&post=42062"}],"version-history":[{"count":1,"href":"https:\/\/www.radioamigavallenar.cl\/index.php?rest_route=\/wp\/v2\/posts\/42062\/revisions"}],"predecessor-version":[{"id":42064,"href":"https:\/\/www.radioamigavallenar.cl\/index.php?rest_route=\/wp\/v2\/posts\/42062\/revisions\/42064"}],"wp:featuredmedia":[{"embeddable":true,"href":"https:\/\/www.radioamigavallenar.cl\/index.php?rest_route=\/wp\/v2\/media\/42063"}],"wp:attachment":[{"href":"https:\/\/www.radioamigavallenar.cl\/index.php?rest_route=%2Fwp%2Fv2%2Fmedia&parent=42062"}],"wp:term":[{"taxonomy":"category","embeddable":true,"href":"https:\/\/www.radioamigavallenar.cl\/index.php?rest_route=%2Fwp%2Fv2%2Fcategories&post=42062"},{"taxonomy":"post_tag","embeddable":true,"href":"https:\/\/www.radioamigavallenar.cl\/index.php?rest_route=%2Fwp%2Fv2%2Ftags&post=42062"}],"curies":[{"name":"wp","href":"https:\/\/api.w.org\/{rel}","templated":true}]}}