{"id":42057,"date":"2021-07-12T07:00:16","date_gmt":"2021-07-12T11:00:16","guid":{"rendered":"https:\/\/www.radioamigavallenar.cl\/?p=42057"},"modified":"2021-07-11T22:41:48","modified_gmt":"2021-07-12T02:41:48","slug":"seremi-de-salud-junto-a-transporte-realizan-sensibilizacion-del-paso-a-paso-en-terminal-de-buses","status":"publish","type":"post","link":"https:\/\/www.radioamigavallenar.cl\/?p=42057","title":{"rendered":"Seremi de Salud junto a Transporte realizan sensibilizaci\u00f3n del Paso a Paso en Terminal de Buses"},"content":{"rendered":"<p>Desde un terminal de buses de la comuna de Copiap\u00f3, la Seremi de Salud, Claudia Valle, junto al Seremi de Transporte (S), Patricio Araya compartieron y sensibilizaron las modificaciones del nuevo Paso a Paso, que comenzar\u00e1 a regir el pr\u00f3ximo 15 de julio.<\/p>\n<p>En la oportunidad, se realiz\u00f3 una visita con la unidad de fiscalizadores, para verificar el cumplimiento de las normativas vigentes en protocolos COVID-19, y adem\u00e1s se realiz\u00f3 la difusi\u00f3n y sensibilizaci\u00f3n de las nuevas normativas del \u00e1rea de transporte a los trabajadores del terminal.<\/p>\n<p>La SEREMI DE Salud, Claudia Valle, se\u00f1al\u00f3 \u201cContinuaremos en terreno sociabilizando las nuevas medidas del Paso a Paso, en las diversas \u00e1reas y sectores, con el objetivo de aclarar dudas y de difundir los nuevos alcances, <strong>el objetivo es compatibilizar mejor la protecci\u00f3n de la salud y la vida con mayores niveles de libertad y movilidad<\/strong><strong>\u00ab.<\/strong><\/p>\n<p>Dentro de las nuevas modificaciones en transporte, est\u00e1 que se debe aprovechar los espacios vacantes para distanciar a las personas y la ubicaci\u00f3n desde ser fija estando prohibido el cambio de asiento, ser\u00e1 obligaci\u00f3n el uso de mascarilla quir\u00fargica o de tres pliegues o superior, los buses tendr\u00e1n que detenerse en el camino para dar un espacio de alimentaci\u00f3n.<\/p>\n<p>Adem\u00e1s de higienizar constantemente los ba\u00f1os, mantener siempre las ventanas abiertas o las escotillas, verificar que contengan un sistema de circulaci\u00f3n de a\u00edre.<\/p>\n<p>El SEREMI de Transporte (S), Patricio Araya, se\u00f1al\u00f3 \u201cEstamos hoy con la Seremi de Salud, en terreno con el objetivo de sociabilizar los nuevos cambios del Paso a Paso, en esta oportunidad, pudimos conversar con el equipo del terminal de buses, y explicarle las nuevas planillas que deben rellenar por protocolo Minsal, la cual asegurar\u00e1 los datos del pasajero, para poder contactarlo en un posible caso de trazabilidad\u201d<\/p>\n<p>La Autoridad Sanitaria, record\u00f3 y recalc\u00f3 que las medidas de autocuidado, son fundamental para controlar la pandemia, por ello el buen uso de mascarilla, el lavado de manos frecuentemente, la distancia f\u00edsica y la ventilaci\u00f3n, como medidas transversal en todo momento.<\/p>\n<p>Finalmente, cabe recordar, que, para viajes regionales, se continuar\u00e1 exigiendo portar con el Pase de Movilidad o su permiso de la comisaria virtual m\u00e1s el pasaporte sanitario (C19).<\/p>\n","protected":false},"excerpt":{"rendered":"<p>Desde un terminal de buses de la comuna de Copiap\u00f3, la Seremi de Salud, Claudia Valle, junto al Seremi de Transporte (S), Patricio Araya compartieron&hellip; <\/p>\n","protected":false},"author":2,"featured_media":42058,"comment_status":"open","ping_status":"closed","sticky":false,"template":"","format":"standard","meta":{"footnotes":""},"categories":[7],"tags":[],"class_list":["post-42057","post","type-post","status-publish","format-standard","has-post-thumbnail","hentry","category-atacama"],"_links":{"self":[{"href":"https:\/\/www.radioamigavallenar.cl\/index.php?rest_route=\/wp\/v2\/posts\/42057","targetHints":{"allow":["GET"]}}],"collection":[{"href":"https:\/\/www.radioamigavallenar.cl\/index.php?rest_route=\/wp\/v2\/posts"}],"about":[{"href":"https:\/\/www.radioamigavallenar.cl\/index.php?rest_route=\/wp\/v2\/types\/post"}],"author":[{"embeddable":true,"href":"https:\/\/www.radioamigavallenar.cl\/index.php?rest_route=\/wp\/v2\/users\/2"}],"replies":[{"embeddable":true,"href":"https:\/\/www.radioamigavallenar.cl\/index.php?rest_route=%2Fwp%2Fv2%2Fcomments&post=42057"}],"version-history":[{"count":1,"href":"https:\/\/www.radioamigavallenar.cl\/index.php?rest_route=\/wp\/v2\/posts\/42057\/revisions"}],"predecessor-version":[{"id":42059,"href":"https:\/\/www.radioamigavallenar.cl\/index.php?rest_route=\/wp\/v2\/posts\/42057\/revisions\/42059"}],"wp:featuredmedia":[{"embeddable":true,"href":"https:\/\/www.radioamigavallenar.cl\/index.php?rest_route=\/wp\/v2\/media\/42058"}],"wp:attachment":[{"href":"https:\/\/www.radioamigavallenar.cl\/index.php?rest_route=%2Fwp%2Fv2%2Fmedia&parent=42057"}],"wp:term":[{"taxonomy":"category","embeddable":true,"href":"https:\/\/www.radioamigavallenar.cl\/index.php?rest_route=%2Fwp%2Fv2%2Fcategories&post=42057"},{"taxonomy":"post_tag","embeddable":true,"href":"https:\/\/www.radioamigavallenar.cl\/index.php?rest_route=%2Fwp%2Fv2%2Ftags&post=42057"}],"curies":[{"name":"wp","href":"https:\/\/api.w.org\/{rel}","templated":true}]}}