{"id":42055,"date":"2021-07-12T07:00:10","date_gmt":"2021-07-12T11:00:10","guid":{"rendered":"https:\/\/www.radioamigavallenar.cl\/?p=42055"},"modified":"2021-07-11T22:34:11","modified_gmt":"2021-07-12T02:34:11","slug":"la-reduccion-del-presupuesto-a-los-gobiernos-regionales-es-una-clara-senal-de-la-falta-de-respeto-del-gobierno-al-proceso-de-descentralizacion","status":"publish","type":"post","link":"https:\/\/www.radioamigavallenar.cl\/?p=42055","title":{"rendered":"\u201cLa reducci\u00f3n del presupuesto a los Gobiernos Regionales es una clara se\u00f1al de la falta de respeto del Gobierno al proceso de descentralizaci\u00f3n\u201d"},"content":{"rendered":"<p>Como una \u201cclara se\u00f1al de la falta de respeto del Gobierno hacia el proceso de descentralizaci\u00f3n\u201d catalog\u00f3 el Gobernador electo por Atacama, Miguel Vargas Correa, la arbitraria reducci\u00f3n del presupuesto de los Gobiernos Regionales por parte del Ministerio de Hacienda.<\/p>\n<p>Y es que a pocos d\u00edas de asumir sus funciones, los representantes populares elegidos democr\u00e1ticamente recibieron el decreto 1251 de Hacienda, el cual se\u00f1ala que 13 de las 15 gobernaciones, incluida Atacama, ver\u00e1n reducidos sus recursos, lo cual no fue informado previamente a los afectados y sus equipos.<\/p>\n<p>Vargas expres\u00f3 que \u201cesta es una muestra m\u00e1s de lo que hemos dicho como Asociaci\u00f3n de Gobernadores Regionales, y es que el Gobierno est\u00e1 interfiriendo para disminuir nuestras atribuciones, lo que contraviene el esp\u00edritu del proceso de descentralizaci\u00f3n, que implica fortalecer la autoridad del Gobernador y entregar m\u00e1s competencias a los nuevos gobiernos regionales.<\/p>\n<p>\u201cEste hecho, que consideramos de extrema gravedad, se suma a otras acciones que dan cuenta de la falta de voluntad y compromiso de la actual administraci\u00f3n, tales como, la aceleraci\u00f3n de los concursos p\u00fablicos de funcionarios y asesores clave, para colocar a funcionarios afines al Delegado Presidencial; la indefinici\u00f3n respecto del lugar de funcionamiento del \u00f3rgano ejecutivo del Gobierno Regional y sus servicios administrativos y la falta de recursos de libre disposici\u00f3n para el financiamiento de los compromisos asumidos por la nueva autoridad, ante la comunidad\u201d, asegur\u00f3 Vargas.<\/p>\n<p>Todas estas materias, que fueron planteadas ante el Ministro del Interior en reuni\u00f3n sostenida por todos los gobernadores el viernes reci\u00e9n pasado, dan cuenta de la compleja partida de un proceso llamado a ser la \u201cEsperanza de las Regiones\u201d. \u201cSin voluntad del Gobierno Central, todo se entrampa y se pone en riesgo los anhelos de la ciudadan\u00eda, que demanda m\u00e1s participaci\u00f3n, descentralizaci\u00f3n y oportunidades\u201d,\u00a0 dijo el Gobernador electo<\/p>\n<p>Vargas reafirm\u00f3 que el Gobierno a\u00fan tiene tiempo de enmendar y tomar las decisiones correctas pensando en las necesidades del pa\u00eds y sus regiones.<\/p>\n<p>&nbsp;<\/p>\n<p><strong>Edificios Regionales <\/strong><\/p>\n<p>A pesar de lo anterior, el Gobernador por Atacama quiso agradecer el apoyo que han manifestado los Senadores y Senadoras que impulsan el proyecto de ley de las Comisiones Unidas de Hacienda y Gobierno, el que apunta a que los edificios que ocupaban los Intendentes queden a disposici\u00f3n de las nuevas autoridades elegidas por votaci\u00f3n popular. \u201cLa iniciativa es una muestra del respaldo que deber\u00eda haber desde todos los sectores para que la descentralizaci\u00f3n en Chile sea una realidad, ya que se entiende que la autoridad que reemplaza al Intendente es el Gobernador Regional y no el Delegado Presidencial\u201d.<\/p>\n<p>A nivel nacional, en s\u00f3lo dos de las 16 regiones del pa\u00eds -Ays\u00e9n y Magallanes- los actuales Intendentes han decidido dejar el espacio f\u00edsico que ocupan en favor de las nuevas autoridades, mientras en el resto deber\u00e1n instalarse en los espacios que encuentren. \u201cUn escenario extra\u00f1o, por decir lo menos, considerando que la propia Contralor\u00eda General de la Rep\u00fablica ya dio cuenta que el Gobernador Regional ser\u00e1 considerado la m\u00e1xima autoridad de la regi\u00f3n\u201d, asegur\u00f3 Vargas.<\/p>\n<p>El gobernador de Atacama asever\u00f3 que es necesario \u201cque se entienda de una vez por todas, que aquello que necesitamos las regiones, y por cierto Atacama, son se\u00f1ales claras y contundentes con el proceso de descentralizaci\u00f3n. Por lo tanto, yo hago un llamado a todos los sectores pol\u00edticos a que asuman compromisos efectivos en la materia, eso implica al actual Gobierno y tambi\u00e9n a las fuerzas de oposici\u00f3n. Hemos luchado por tanto tiempo por m\u00e1s descentralizaci\u00f3n, porque eso es lo que necesitan las regiones para resolver sus problemas, el centralismo agobiante ya no da para m\u00e1s y sentimos que la \u00fanica forma de seguir progresando en regiones como la nuestra es con m\u00e1s autonom\u00eda, con m\u00e1s libertad, m\u00e1s facultades y con autoridades regionales elegidas democr\u00e1ticamente\u201d.<\/p>\n","protected":false},"excerpt":{"rendered":"<p>Como una \u201cclara se\u00f1al de la falta de respeto del Gobierno hacia el proceso de descentralizaci\u00f3n\u201d catalog\u00f3 el Gobernador electo por Atacama, Miguel Vargas Correa,&hellip; <\/p>\n","protected":false},"author":2,"featured_media":40928,"comment_status":"open","ping_status":"closed","sticky":false,"template":"","format":"standard","meta":{"footnotes":""},"categories":[38],"tags":[],"class_list":["post-42055","post","type-post","status-publish","format-standard","has-post-thumbnail","hentry","category-portada-regional"],"_links":{"self":[{"href":"https:\/\/www.radioamigavallenar.cl\/index.php?rest_route=\/wp\/v2\/posts\/42055","targetHints":{"allow":["GET"]}}],"collection":[{"href":"https:\/\/www.radioamigavallenar.cl\/index.php?rest_route=\/wp\/v2\/posts"}],"about":[{"href":"https:\/\/www.radioamigavallenar.cl\/index.php?rest_route=\/wp\/v2\/types\/post"}],"author":[{"embeddable":true,"href":"https:\/\/www.radioamigavallenar.cl\/index.php?rest_route=\/wp\/v2\/users\/2"}],"replies":[{"embeddable":true,"href":"https:\/\/www.radioamigavallenar.cl\/index.php?rest_route=%2Fwp%2Fv2%2Fcomments&post=42055"}],"version-history":[{"count":1,"href":"https:\/\/www.radioamigavallenar.cl\/index.php?rest_route=\/wp\/v2\/posts\/42055\/revisions"}],"predecessor-version":[{"id":42056,"href":"https:\/\/www.radioamigavallenar.cl\/index.php?rest_route=\/wp\/v2\/posts\/42055\/revisions\/42056"}],"wp:featuredmedia":[{"embeddable":true,"href":"https:\/\/www.radioamigavallenar.cl\/index.php?rest_route=\/wp\/v2\/media\/40928"}],"wp:attachment":[{"href":"https:\/\/www.radioamigavallenar.cl\/index.php?rest_route=%2Fwp%2Fv2%2Fmedia&parent=42055"}],"wp:term":[{"taxonomy":"category","embeddable":true,"href":"https:\/\/www.radioamigavallenar.cl\/index.php?rest_route=%2Fwp%2Fv2%2Fcategories&post=42055"},{"taxonomy":"post_tag","embeddable":true,"href":"https:\/\/www.radioamigavallenar.cl\/index.php?rest_route=%2Fwp%2Fv2%2Ftags&post=42055"}],"curies":[{"name":"wp","href":"https:\/\/api.w.org\/{rel}","templated":true}]}}