{"id":42049,"date":"2021-07-10T10:56:11","date_gmt":"2021-07-10T14:56:11","guid":{"rendered":"https:\/\/www.radioamigavallenar.cl\/?p=42049"},"modified":"2021-07-10T10:56:32","modified_gmt":"2021-07-10T14:56:32","slug":"diputado-castro-pide-a-contraloria-que-investigue-presuntas-celebraciones-con-autoridades-del-minsal","status":"publish","type":"post","link":"https:\/\/www.radioamigavallenar.cl\/?p=42049","title":{"rendered":"Diputado Castro pide a Contralor\u00eda que investigue presuntas celebraciones con autoridades del Minsal"},"content":{"rendered":"<p>A ra\u00edz de la denuncia que present\u00f3 un funcionario del Minsal en contra del ministro Enrique Paris, por haber participado de una presunta fiesta de cumplea\u00f1os en dependencias de la repartici\u00f3n junto a 30 personas,\u00a0<strong>el diputado Juan Luis Castro (PS) solicit\u00f3 a la Contralor\u00eda que investigue esta situaci\u00f3n.<\/strong><\/p>\n<p>Seg\u00fan la denuncia presentada, este hecho habr\u00eda ocurrido el 28 de mayo pasado, cuando Santiago -comuna donde se emplaza la sede del Ministerio de Salud- se encontraba en Fase 2 del Plan Paso a Paso.<\/p>\n<p>Adem\u00e1s de esta supuesta celebraci\u00f3n, Castro da cuenta de otro cumplea\u00f1os, que habr\u00eda tenido lugar el 29 de enero pasado.\u00a0<strong>\u201cSe habr\u00eda generado mediante una invitaci\u00f3n desde el gabinete de la subsecretaria (Paula Daza) a 22 personas\u201d<\/strong>, consigna el documento que envi\u00f3 el parlamentario a Contralor\u00eda.<\/p>\n<p>El congresista se\u00f1al\u00f3 que estos hechos \u201cdejan a la gente pr\u00e1cticamente de espaldas de no saber en qui\u00e9n creer (\u2026) <strong>La autoridad no parecer estar consciente del propio rol, de ser y parecer, no tan s\u00f3lo de declarar cosas, sino que tambi\u00e9n hacerlas cre\u00edbles ante la ciudadan\u00eda\u201d<\/strong>.<\/p>\n<p>\u201cPienso que esto super\u00f3 un l\u00edmite tolerable y que no es posible, a estas alturas, que tengamos estos malos ejemplos en el Ministerio de Salud (\u2026)<strong>\u00a0Es una tormenta de irregularidad en el seno de personas que tienen poder y est\u00e1n dando los peores ejemplos a la ciudadan\u00eda\u201d<\/strong>, agreg\u00f3.<\/p>\n<p>En la misma l\u00ednea, dijo que \u201ccon el sistema electr\u00f3nico, yo espero que en los pr\u00f3ximos 10 d\u00edas podamos tener respuesta (\u2026) Son hechos bastante evidentes, notorios, ah\u00ed est\u00e1n los hechos, los documentos, los testimonios. No pretendo perseguir a nadie, pero no es sostenible que la autoridad haga lo que quiera\u201d.<\/p>\n<h2 style=\"text-align: center;\">Documento dirigido a Contralor\u00eda<\/h2>\n<p>En el escrito que env\u00eda el diputado Castro a Contralor\u00eda, se consigna que\u00a0<strong>\u201cestos hechos podr\u00edan configuran una eventual infracci\u00f3n al principio de probidad administrativa consagrado en el art. 8\u00ba de la Constituci\u00f3n Pol\u00edtica del Estado<\/strong>; los arts.13, 52 y ss. de la Ley de Bases Generales de la Administraci\u00f3n del Estado; los art. 61 letra g de la Ley N\u00fam. 18.834 sobre estatuto administrativo\u201d.<\/p>\n<p>\u201cLo anterior supone al menos una doble vulneraci\u00f3n en los alcances de los preceptos regulativos del principio de probidad, y a la propia normativa de la autoridad sanitaria en el contexto de Pandemia\u201d, a\u00f1ade.<\/p>\n<p>Por este motivo, se solicita al \u00f3rgano contralor \u201ctener por interpuesto la presente denuncia a objeto que\u00a0<strong>se pronuncie sobre las actuaciones de las autoridades antes se\u00f1aladas, acogerla a tramitaci\u00f3n disponiendo se investiguen los hechos denunciados<\/strong>\u00a0y, en definitiva, declarar que los referidos funcionarios p\u00fablicos han incurrido en infracciones que vulneran el principio de probidad administrativa, y como consecuencia de tal declaraci\u00f3n, imponerle las sanciones establecidas en la ley\u201d.<\/p>\n","protected":false},"excerpt":{"rendered":"<p>A ra\u00edz de la denuncia que present\u00f3 un funcionario del Minsal en contra del ministro Enrique Paris, por haber participado de una presunta fiesta de&hellip; <\/p>\n","protected":false},"author":2,"featured_media":42050,"comment_status":"open","ping_status":"closed","sticky":false,"template":"","format":"standard","meta":{"footnotes":""},"categories":[37],"tags":[],"class_list":["post-42049","post","type-post","status-publish","format-standard","has-post-thumbnail","hentry","category-nacional"],"_links":{"self":[{"href":"https:\/\/www.radioamigavallenar.cl\/index.php?rest_route=\/wp\/v2\/posts\/42049","targetHints":{"allow":["GET"]}}],"collection":[{"href":"https:\/\/www.radioamigavallenar.cl\/index.php?rest_route=\/wp\/v2\/posts"}],"about":[{"href":"https:\/\/www.radioamigavallenar.cl\/index.php?rest_route=\/wp\/v2\/types\/post"}],"author":[{"embeddable":true,"href":"https:\/\/www.radioamigavallenar.cl\/index.php?rest_route=\/wp\/v2\/users\/2"}],"replies":[{"embeddable":true,"href":"https:\/\/www.radioamigavallenar.cl\/index.php?rest_route=%2Fwp%2Fv2%2Fcomments&post=42049"}],"version-history":[{"count":2,"href":"https:\/\/www.radioamigavallenar.cl\/index.php?rest_route=\/wp\/v2\/posts\/42049\/revisions"}],"predecessor-version":[{"id":42052,"href":"https:\/\/www.radioamigavallenar.cl\/index.php?rest_route=\/wp\/v2\/posts\/42049\/revisions\/42052"}],"wp:featuredmedia":[{"embeddable":true,"href":"https:\/\/www.radioamigavallenar.cl\/index.php?rest_route=\/wp\/v2\/media\/42050"}],"wp:attachment":[{"href":"https:\/\/www.radioamigavallenar.cl\/index.php?rest_route=%2Fwp%2Fv2%2Fmedia&parent=42049"}],"wp:term":[{"taxonomy":"category","embeddable":true,"href":"https:\/\/www.radioamigavallenar.cl\/index.php?rest_route=%2Fwp%2Fv2%2Fcategories&post=42049"},{"taxonomy":"post_tag","embeddable":true,"href":"https:\/\/www.radioamigavallenar.cl\/index.php?rest_route=%2Fwp%2Fv2%2Ftags&post=42049"}],"curies":[{"name":"wp","href":"https:\/\/api.w.org\/{rel}","templated":true}]}}