{"id":42046,"date":"2021-07-10T10:51:51","date_gmt":"2021-07-10T14:51:51","guid":{"rendered":"https:\/\/www.radioamigavallenar.cl\/?p=42046"},"modified":"2021-07-10T10:51:51","modified_gmt":"2021-07-10T14:51:51","slug":"plan-paso-a-paso-establecimientos-educacionales-podran-dar-clases-presenciales-en-cuarentena","status":"publish","type":"post","link":"https:\/\/www.radioamigavallenar.cl\/?p=42046","title":{"rendered":"Plan Paso a Paso: Establecimientos educacionales podr\u00e1n dar clases presenciales en cuarentena"},"content":{"rendered":"<p>Luego de las vacaciones de invierno se dar\u00e1 inicio a un nuevo ciclo escolar, donde a partir del segundo semestre los colegios y jardines infantiles ser\u00e1n los primeros en abrir y los \u00faltimos en cerrar en el plan Paso a Paso, pudiendo abrir, incluso en cuarentena, lo que refleja el compromiso y la prioridad que ha otorgado el Gobierno a la educaci\u00f3n de todos los ni\u00f1os, ni\u00f1as y j\u00f3venes del pa\u00eds.<\/p>\n<p>Al respecto, el Intendente Patricio Urquieta, manifest\u00f3 que \u201cuno de los cambios dentro del Plan Paso a Paso est\u00e1 vinculado a la importancia de la educaci\u00f3n y fortalecer el regreso presencial a clases, y lo hacemos porque se ha visto dentro de las conversaciones con la sociedad civil que una de las inquietudes que ha presentado la gente, ha sido la de poder garantizar continuidad en la presencialidad de las clases al interior de los establecimientos educacionales y por eso, una de las principales caracter\u00edsticas de esta modificaci\u00f3n es que los establecimientos educacionales que est\u00e9n en los colegios, en las escuelas, podr\u00edan funcionar durante la \u00e9poca de cuarentena. Siempre respetando la voluntariedad del ingreso por parte de los alumnos, pero sin duda tratando de garantizar que haya una continuidad del trabajo educativo que se est\u00e1 realizando al interior de la sala de clases sin que tenga que interrumpirse a partir del escenario sanitario que se est\u00e1 viviendo en las comunas y que esto permita que los alumnos no tengan mayores inconvenientes a partir de los retrocesos que eventualmente pueda tener el establecimiento educacional que est\u00e1 en una comuna que se encuentra en cuarentena\u201d.<\/p>\n<p>Cabe destacar que los establecimientos educacionales que est\u00e9n funcionando durante Transici\u00f3n, de lunes a viernes, no tienen ning\u00fan requerimiento adicional, salvo cumplir los protocolos sanitarios que est\u00e1n elaborados previamente con aprobaci\u00f3n del Ministerio de Educaci\u00f3n. En este caso, si la comuna retrocede a fase de cuarentena, no es necesario que los establecimientos tengan una autorizaci\u00f3n por parte del Mineduc, sino que pueden continuar funcionando.<\/p>\n<p>En ese sentido, el Intendente Urquieta se\u00f1al\u00f3 \u201cla finalidad de esta actualizaci\u00f3n es que nos permita entregarle m\u00e1s continuidad a las actividades presenciales al interior de los colegios de tal manera que el proceso educativo se vea fortalecido y, sin duda, se puedan reducir aquellas dificultades que han sido diagnosticadas por los expertos que, naturalmente, se han traducido en aumentar las brechas educacionales y lamentablemente tambi\u00e9n en la deserci\u00f3n escolar y esa es una de las principales tareas que nosotros queremos abordar\u201d.<\/p>\n<p>Por su parte, la Seremi de Salud, Claudia Valle, dijo que \u201cdurante la pandemia hemos trabajado en conjunto con el Ministerio de Educaci\u00f3n en los protocolos sanitarios que tienen que tener los establecimientos y as\u00ed continuar con las medidas de autocuidado que son muy importantes como el uso de la mascarilla en todo momento, siempre es importante saber usarla, tapando nariz, boca y ment\u00f3n, el lavado de manos frecuente, el uso del alcohol gel, el distanciamiento f\u00edsico como tambi\u00e9n la ventilaci\u00f3n de las salas. En la regi\u00f3n tenemos 143 cuadrillas sanitarias escolares y en ellas est\u00e1 toda la comunidad escolar, como profesores, directivos, apoderados, donde permanentemente se est\u00e1n reforzando las medidas de autocuidado\u201d.<\/p>\n<p>En tanto, Luis Olmos de Aguilera, Director Ejecutivo (S) del Servicio Local Educaci\u00f3n P\u00fablica Atacama, se\u00f1al\u00f3 que \u201cla educaci\u00f3n remota ha sido una herramienta que ha facilitado muchos procesos durante este a\u00f1o y medio, pero por m\u00e1s esfuerzo que pongamos en ello, no reemplazar\u00e1 nunca la educaci\u00f3n presencial, el contacto directo con el profesor y el compa\u00f1ero, la pr\u00e1ctica en un liceo t\u00e9cnico profesional, ni los cuidados y herramientas que entregan los establecimientos educacionales para ni\u00f1os con necesidades educativas especiales\u201d.<\/p>\n<p>Asimismo, Olmos de Aguilera, manifest\u00f3 que \u201ces nuestro deber asegurar el derecho de la educaci\u00f3n a cada uno de nuestros ni\u00f1os y j\u00f3venes en nuestro territorio\u201d.<\/p>\n<p>Cabe destacar que como un apoyo adicional para los establecimientos educacionales, y con el objeto de aumentar la protecci\u00f3n para los estudiantes, docentes y dem\u00e1s integrantes de las comunidades educativas, el Ministerio de Educaci\u00f3n anunci\u00f3 este viernes que se dispondr\u00e1n $25 mil millones adicionales para apoyar el retorno en todos los colegios y jardines que reciben recursos p\u00fablicos en el pa\u00eds.<\/p>\n","protected":false},"excerpt":{"rendered":"<p>Luego de las vacaciones de invierno se dar\u00e1 inicio a un nuevo ciclo escolar, donde a partir del segundo semestre los colegios y jardines infantiles&hellip; <\/p>\n","protected":false},"author":2,"featured_media":42047,"comment_status":"open","ping_status":"closed","sticky":false,"template":"","format":"standard","meta":{"footnotes":""},"categories":[7],"tags":[],"class_list":["post-42046","post","type-post","status-publish","format-standard","has-post-thumbnail","hentry","category-atacama"],"_links":{"self":[{"href":"https:\/\/www.radioamigavallenar.cl\/index.php?rest_route=\/wp\/v2\/posts\/42046","targetHints":{"allow":["GET"]}}],"collection":[{"href":"https:\/\/www.radioamigavallenar.cl\/index.php?rest_route=\/wp\/v2\/posts"}],"about":[{"href":"https:\/\/www.radioamigavallenar.cl\/index.php?rest_route=\/wp\/v2\/types\/post"}],"author":[{"embeddable":true,"href":"https:\/\/www.radioamigavallenar.cl\/index.php?rest_route=\/wp\/v2\/users\/2"}],"replies":[{"embeddable":true,"href":"https:\/\/www.radioamigavallenar.cl\/index.php?rest_route=%2Fwp%2Fv2%2Fcomments&post=42046"}],"version-history":[{"count":1,"href":"https:\/\/www.radioamigavallenar.cl\/index.php?rest_route=\/wp\/v2\/posts\/42046\/revisions"}],"predecessor-version":[{"id":42048,"href":"https:\/\/www.radioamigavallenar.cl\/index.php?rest_route=\/wp\/v2\/posts\/42046\/revisions\/42048"}],"wp:featuredmedia":[{"embeddable":true,"href":"https:\/\/www.radioamigavallenar.cl\/index.php?rest_route=\/wp\/v2\/media\/42047"}],"wp:attachment":[{"href":"https:\/\/www.radioamigavallenar.cl\/index.php?rest_route=%2Fwp%2Fv2%2Fmedia&parent=42046"}],"wp:term":[{"taxonomy":"category","embeddable":true,"href":"https:\/\/www.radioamigavallenar.cl\/index.php?rest_route=%2Fwp%2Fv2%2Fcategories&post=42046"},{"taxonomy":"post_tag","embeddable":true,"href":"https:\/\/www.radioamigavallenar.cl\/index.php?rest_route=%2Fwp%2Fv2%2Ftags&post=42046"}],"curies":[{"name":"wp","href":"https:\/\/api.w.org\/{rel}","templated":true}]}}