{"id":42043,"date":"2021-07-10T10:45:56","date_gmt":"2021-07-10T14:45:56","guid":{"rendered":"https:\/\/www.radioamigavallenar.cl\/?p=42043"},"modified":"2021-07-10T10:45:56","modified_gmt":"2021-07-10T14:45:56","slug":"endemia-de-primavera-rebrotes-podrian-ocurrir-en-septiembre-aunque-con-menos-contagios-que-el-mismo-periodo-de-2020","status":"publish","type":"post","link":"https:\/\/www.radioamigavallenar.cl\/?p=42043","title":{"rendered":"\u00abEndemia de primavera\u00bb: Rebrotes podr\u00edan ocurrir en septiembre, aunque con menos contagios que el mismo periodo de 2020"},"content":{"rendered":"<p>Expertos coinciden en que habr\u00e1 nuevos brotes, sin embargo, esperan que sean \u00abcada vez m\u00e1s amortizados\u00bb, dependiendo de las variantes y el avance de la vacunaci\u00f3n.<\/p>\n<p>Mejores indicadores a nivel pa\u00eds han llevado a que el Gobierno decidiera presentar el jueves el esperado nuevo plan Paso a Paso, donde el propio Presidente Sebasti\u00e1n Pi\u00f1era apunt\u00f3 a \u00ab30 d\u00edas de continua mejor\u00eda\u00bb en cuanto a la situaci\u00f3n epidemiol\u00f3gica que hoy experimenta la pandemia.<\/p>\n<p>Seg\u00fan las cifras informadas ayer, donde los contagios llegaron a 2.906 en las \u00faltimas 24 horas, la variaci\u00f3n de nuevos casos confirmados a nivel nacional \u00abes -21% y -41% para la comparaci\u00f3n de 7 y 14 d\u00edas respectivamente.<\/p>\n<p>En tanto, todas las regiones del pa\u00eds disminuyen sus nuevos casos en los \u00faltimos 7 y 14 d\u00edas\u00bb, dijo el ministro de Salud, Enrique Paris. El \u00faltimo informe iCovid, publicado el viernes, tambi\u00e9n apunt\u00f3 al importante descenso en los casos en el pa\u00eds, de hecho, todas las regiones mantienen o disminuyen su carga respecto a la semana anterior.<\/p>\n<p>Sin embargo, algunas mantienen una incidencia sobre 10: Los R\u00edos (39,0 por 100 mil habitantes), Atacama (31,5 por 100 mil habitantes), Ays\u00e9n (26,4 por 100 mil habitantes) y Arica y Parinacota (25,8 por 100 mil habitantes).<\/p>\n<p>La ingeniera y vicerrectora de Investigaci\u00f3n y Desarrollo de la Universidad de Concepci\u00f3n, Andrea Rodr\u00edguez, expres\u00f3 en el informe que \u00abla situaci\u00f3n pa\u00eds muestra indicadores que van mejorando en cuanto a din\u00e1mica de contagio y positividad de tests PCR. (&#8230;) Sin embargo, tenemos valores estimados de m\u00e1s de 10 infectados por cada 100 mil habitantes en todas las regiones, y requerimos continuar monitorizando la cobertura y efectividad din\u00e1mica de las vacunas, junto a la ocupaci\u00f3n de camas UCI, que contin\u00faa siendo muy alta\u00bb.<\/p>\n<p>En efecto, hacia fines de agosto de 2020, los expertos ya advert\u00edan que se pod\u00eda generar un rebrote, donde adem\u00e1s se tem\u00eda un posible incremento por la coincidencia con los desconfinamientos que se estaban produciendo, y las Fiestas Patrias. \u00abQue ocurra un rebrote es bastante esperable, sobre todo en grandes ciudades.<\/p>\n<p>Es una etapa que uno sabe que va a venir. El punto es tomar las medidas para que sea lo m\u00e1s suave posible\u00bb, dijo en esa \u00e9poca Juan Pablo Torres, infect\u00f3logo de la Cl\u00ednica Las Condes. Seg\u00fan los an\u00e1lisis realizados por Cavada, todo indica que se est\u00e1 repitiendo la curva epid\u00e9mica del a\u00f1o pasado. \u00abCon la \u00fanica diferencia que, si la endemia de septiembre, octubre del a\u00f1o pasado ten\u00eda una incidencia semanal de casos del orden de los 10 mil, a nivel nacional -por efecto vacunal- deber\u00edamos ver que esto bajara a unos 3 mil o 4 mil semanal\u00bb, asegur\u00f3.<\/p>\n<p>As\u00ed, la baja en los contagios deber\u00eda ser del orden del 60%, en comparaci\u00f3n con lo que se registraba el a\u00f1o pasado en este periodo. Consultada respecto a las proyecciones, la ingeniera Andrea Rodr\u00edguez dijo a Emol que \u00abnuevos rebrotes vendr\u00e1n, lo importante es que estos sean cada vez m\u00e1s amortizados. Esto depender\u00e1 de la din\u00e1mica propia del virus y la inmunidad que la poblaci\u00f3n tenga adem\u00e1s de las posibles variantes\u00bb.<\/p>\n","protected":false},"excerpt":{"rendered":"<p>Expertos coinciden en que habr\u00e1 nuevos brotes, sin embargo, esperan que sean \u00abcada vez m\u00e1s amortizados\u00bb, dependiendo de las variantes y el avance de la&hellip; <\/p>\n","protected":false},"author":2,"featured_media":42044,"comment_status":"open","ping_status":"closed","sticky":false,"template":"","format":"standard","meta":{"footnotes":""},"categories":[37],"tags":[],"class_list":["post-42043","post","type-post","status-publish","format-standard","has-post-thumbnail","hentry","category-nacional"],"_links":{"self":[{"href":"https:\/\/www.radioamigavallenar.cl\/index.php?rest_route=\/wp\/v2\/posts\/42043","targetHints":{"allow":["GET"]}}],"collection":[{"href":"https:\/\/www.radioamigavallenar.cl\/index.php?rest_route=\/wp\/v2\/posts"}],"about":[{"href":"https:\/\/www.radioamigavallenar.cl\/index.php?rest_route=\/wp\/v2\/types\/post"}],"author":[{"embeddable":true,"href":"https:\/\/www.radioamigavallenar.cl\/index.php?rest_route=\/wp\/v2\/users\/2"}],"replies":[{"embeddable":true,"href":"https:\/\/www.radioamigavallenar.cl\/index.php?rest_route=%2Fwp%2Fv2%2Fcomments&post=42043"}],"version-history":[{"count":1,"href":"https:\/\/www.radioamigavallenar.cl\/index.php?rest_route=\/wp\/v2\/posts\/42043\/revisions"}],"predecessor-version":[{"id":42045,"href":"https:\/\/www.radioamigavallenar.cl\/index.php?rest_route=\/wp\/v2\/posts\/42043\/revisions\/42045"}],"wp:featuredmedia":[{"embeddable":true,"href":"https:\/\/www.radioamigavallenar.cl\/index.php?rest_route=\/wp\/v2\/media\/42044"}],"wp:attachment":[{"href":"https:\/\/www.radioamigavallenar.cl\/index.php?rest_route=%2Fwp%2Fv2%2Fmedia&parent=42043"}],"wp:term":[{"taxonomy":"category","embeddable":true,"href":"https:\/\/www.radioamigavallenar.cl\/index.php?rest_route=%2Fwp%2Fv2%2Fcategories&post=42043"},{"taxonomy":"post_tag","embeddable":true,"href":"https:\/\/www.radioamigavallenar.cl\/index.php?rest_route=%2Fwp%2Fv2%2Ftags&post=42043"}],"curies":[{"name":"wp","href":"https:\/\/api.w.org\/{rel}","templated":true}]}}