{"id":42041,"date":"2021-07-10T10:34:36","date_gmt":"2021-07-10T14:34:36","guid":{"rendered":"https:\/\/www.radioamigavallenar.cl\/?p=42041"},"modified":"2021-07-10T10:34:36","modified_gmt":"2021-07-10T14:34:36","slug":"hay-mas-de-33-mil-expulsiones-pendientes-de-extranjeros-infractores-de-ley-de-ellos-13-mil-cometieron-delitos","status":"publish","type":"post","link":"https:\/\/www.radioamigavallenar.cl\/?p=42041","title":{"rendered":"Hay m\u00e1s de 33 mil expulsiones pendientes de extranjeros infractores de ley: De ellos, 13 mil cometieron delitos"},"content":{"rendered":"<p>Entre los autores de il\u00edcitos, en Chile o su pa\u00eds de residencia, m\u00e1s de nueve mil est\u00e1n ligados a Ley de Drogas.<\/p>\n<p>Un total de 33.131 expulsiones pendientes de extranjeros infractores de ley, entre 2010 y lo que va de 2021, identific\u00f3 el Ministerio del Interior. Se trata de un requerimiento de datos hecho por el subsecretario del Interior, Juan Francisco Galli, el pasado viernes 11 de junio a todas las intendencias del pa\u00eds<\/p>\n<p>El oficio exig\u00eda enviar las cifras actualizadas de extranjeros infractores de ley con \u00f3rdenes de expulsi\u00f3n que han sido decretadas por la autoridad administrativa, y no se han concretado por diversos factores. De esos 33 mil casos pendientes, un 39% corresponde a migrantes con antecedentes penales.<\/p>\n<p>Es decir, 13.009 son extranjeros que cometieron delitos en Chile, o en su pa\u00eds de origen. En el detalle, se observa adem\u00e1s que, dentro de estos 13 mil, un total de 9.457 cometieron delitos de la Ley de Drogas, y otros 1.137 delitos contra la propiedad.<\/p>\n","protected":false},"excerpt":{"rendered":"<p>Entre los autores de il\u00edcitos, en Chile o su pa\u00eds de residencia, m\u00e1s de nueve mil est\u00e1n ligados a Ley de Drogas. Un total de&hellip; <\/p>\n","protected":false},"author":2,"featured_media":40899,"comment_status":"open","ping_status":"closed","sticky":false,"template":"","format":"standard","meta":{"footnotes":""},"categories":[37],"tags":[],"class_list":["post-42041","post","type-post","status-publish","format-standard","has-post-thumbnail","hentry","category-nacional"],"_links":{"self":[{"href":"https:\/\/www.radioamigavallenar.cl\/index.php?rest_route=\/wp\/v2\/posts\/42041","targetHints":{"allow":["GET"]}}],"collection":[{"href":"https:\/\/www.radioamigavallenar.cl\/index.php?rest_route=\/wp\/v2\/posts"}],"about":[{"href":"https:\/\/www.radioamigavallenar.cl\/index.php?rest_route=\/wp\/v2\/types\/post"}],"author":[{"embeddable":true,"href":"https:\/\/www.radioamigavallenar.cl\/index.php?rest_route=\/wp\/v2\/users\/2"}],"replies":[{"embeddable":true,"href":"https:\/\/www.radioamigavallenar.cl\/index.php?rest_route=%2Fwp%2Fv2%2Fcomments&post=42041"}],"version-history":[{"count":1,"href":"https:\/\/www.radioamigavallenar.cl\/index.php?rest_route=\/wp\/v2\/posts\/42041\/revisions"}],"predecessor-version":[{"id":42042,"href":"https:\/\/www.radioamigavallenar.cl\/index.php?rest_route=\/wp\/v2\/posts\/42041\/revisions\/42042"}],"wp:featuredmedia":[{"embeddable":true,"href":"https:\/\/www.radioamigavallenar.cl\/index.php?rest_route=\/wp\/v2\/media\/40899"}],"wp:attachment":[{"href":"https:\/\/www.radioamigavallenar.cl\/index.php?rest_route=%2Fwp%2Fv2%2Fmedia&parent=42041"}],"wp:term":[{"taxonomy":"category","embeddable":true,"href":"https:\/\/www.radioamigavallenar.cl\/index.php?rest_route=%2Fwp%2Fv2%2Fcategories&post=42041"},{"taxonomy":"post_tag","embeddable":true,"href":"https:\/\/www.radioamigavallenar.cl\/index.php?rest_route=%2Fwp%2Fv2%2Ftags&post=42041"}],"curies":[{"name":"wp","href":"https:\/\/api.w.org\/{rel}","templated":true}]}}