{"id":42038,"date":"2021-07-10T10:32:41","date_gmt":"2021-07-10T14:32:41","guid":{"rendered":"https:\/\/www.radioamigavallenar.cl\/?p=42038"},"modified":"2021-07-10T10:32:41","modified_gmt":"2021-07-10T14:32:41","slug":"segpres-aclara-a-convencion-que-no-podra-destinar-recursos-para-asesores-ni-otros-gastos-hasta-no-aprobar-reglamento","status":"publish","type":"post","link":"https:\/\/www.radioamigavallenar.cl\/?p=42038","title":{"rendered":"Segpres aclara a Convenci\u00f3n que no podr\u00e1 destinar recursos para asesores ni otros gastos hasta no aprobar Reglamento"},"content":{"rendered":"<p>Ante requerimientos de convencionales, el subsecretario de la Segpres, M\u00e1ximo Pavez, envi\u00f3 un nuevo oficio a la presidenta de la instancia, Elisa Loncon, se\u00f1alando adem\u00e1s que dichas asignaciones \u00abdeber\u00e1n ser administradas por un comit\u00e9 externo que tambi\u00e9n deber\u00e1 ser determinado por esta \u00faltima normativa\u00bb.<\/p>\n<p>En la primera semana de instalaci\u00f3n de la instancia, el subsecretario de la Segpres, M\u00e1ximo Pavez, envi\u00f3 ayer un nuevo oficio a la presidenta de la Convenci\u00f3n, Elisa Loncon, aclarando que las asignaciones que los convencionales tendr\u00e1n para la contrataci\u00f3n de asesores o para financiar otros gastos en el marco de su labor, no podr\u00e1n destinarse hasta que no se apruebe el Reglamento que los regir\u00e1 y se designe un comit\u00e9 externo que se encargue de aquello.<\/p>\n<p>\u00abEstamos requiriendo a trav\u00e9s de diferentes oficios recordar aquellas cosas que son normas legales que no dependen del Gobierno, sino que est\u00e1n en la ley y que significa que hasta que no se cree el comit\u00e9 de asignaciones que tiene que estar en el Reglamento, no se pueden contratar asesores ni gastos operacionales relacionados con estos.<\/p>\n<p>Hemos tenido muchos requerimientos y hasta que no est\u00e9 el Reglamento no lo podemos tener\u00bb, afirm\u00f3 a Emol el subsecretario Pavez, explicando los motivos del oficio.<\/p>\n<p>El documento enviado a Loncon, parte se\u00f1alando que el inciso final del art\u00edculo 134 de la Constituci\u00f3n, \u00abdispone que las asignaciones que corresponden a los Convencionales Constituyentes deber\u00e1n ser determinadas en el Reglamento de la Convenci\u00f3n Constitucional, las cuales deber\u00e1n ser administradas por un comit\u00e9 externo que tambi\u00e9n deber\u00e1 ser determinado por esta \u00faltima normativa\u00bb.<\/p>\n<p>Asimismo, se se\u00f1ala que en la Ley de Presupuesto 2021, se \u00abdispone que con cargo a dichos recursos, se financiar\u00e1n las asignaciones que se establezcan en el Reglamento de la Convenci\u00f3n Constitucional, conforme lo dispuesto en el inciso final del art\u00edculo 134 de la Constituci\u00f3n Pol\u00edtica, incluyendo asesores.<\/p>\n<p>Reitera dicha normativa que dichos recursos se distribuir\u00e1n conforme lo disponga el Reglamento de la Convenci\u00f3n Constitucional y ser\u00e1n administrados por el comit\u00e9 externo de administraci\u00f3n de asignaciones se\u00f1alado en la citada disposici\u00f3n\u00bb.<\/p>\n<p>En ese contexto, se aclara en el texto que \u00abfrente a los continuos requerimientos de Convencionales Constituyentes respecto a la contrataci\u00f3n de asesores o financiar gastos tales como celulares, computadores, reembolsos de almuerzos, estacionamiento, etc., los cuales deben ser cubiertos con los recursos indicados, no se puede acceder a ello mientras no se dicte el referido Reglamento y mientras no se constituya el comit\u00e9 externo de asignaciones, no siendo posible para la Secretar\u00eda de Estado utilizar recursos destinados en otros subt\u00edtulos para dichas materias, en atenci\u00f3n al principio de la legalidad del gasto y en consideraci\u00f3n a que las autoridades constituyentes no tienen la calidad de funcionarios p\u00fablicos\u00bb.<\/p>\n","protected":false},"excerpt":{"rendered":"<p>Ante requerimientos de convencionales, el subsecretario de la Segpres, M\u00e1ximo Pavez, envi\u00f3 un nuevo oficio a la presidenta de la instancia, Elisa Loncon, se\u00f1alando adem\u00e1s&hellip; <\/p>\n","protected":false},"author":2,"featured_media":42039,"comment_status":"open","ping_status":"closed","sticky":false,"template":"","format":"standard","meta":{"footnotes":""},"categories":[37],"tags":[],"class_list":["post-42038","post","type-post","status-publish","format-standard","has-post-thumbnail","hentry","category-nacional"],"_links":{"self":[{"href":"https:\/\/www.radioamigavallenar.cl\/index.php?rest_route=\/wp\/v2\/posts\/42038","targetHints":{"allow":["GET"]}}],"collection":[{"href":"https:\/\/www.radioamigavallenar.cl\/index.php?rest_route=\/wp\/v2\/posts"}],"about":[{"href":"https:\/\/www.radioamigavallenar.cl\/index.php?rest_route=\/wp\/v2\/types\/post"}],"author":[{"embeddable":true,"href":"https:\/\/www.radioamigavallenar.cl\/index.php?rest_route=\/wp\/v2\/users\/2"}],"replies":[{"embeddable":true,"href":"https:\/\/www.radioamigavallenar.cl\/index.php?rest_route=%2Fwp%2Fv2%2Fcomments&post=42038"}],"version-history":[{"count":1,"href":"https:\/\/www.radioamigavallenar.cl\/index.php?rest_route=\/wp\/v2\/posts\/42038\/revisions"}],"predecessor-version":[{"id":42040,"href":"https:\/\/www.radioamigavallenar.cl\/index.php?rest_route=\/wp\/v2\/posts\/42038\/revisions\/42040"}],"wp:featuredmedia":[{"embeddable":true,"href":"https:\/\/www.radioamigavallenar.cl\/index.php?rest_route=\/wp\/v2\/media\/42039"}],"wp:attachment":[{"href":"https:\/\/www.radioamigavallenar.cl\/index.php?rest_route=%2Fwp%2Fv2%2Fmedia&parent=42038"}],"wp:term":[{"taxonomy":"category","embeddable":true,"href":"https:\/\/www.radioamigavallenar.cl\/index.php?rest_route=%2Fwp%2Fv2%2Fcategories&post=42038"},{"taxonomy":"post_tag","embeddable":true,"href":"https:\/\/www.radioamigavallenar.cl\/index.php?rest_route=%2Fwp%2Fv2%2Ftags&post=42038"}],"curies":[{"name":"wp","href":"https:\/\/api.w.org\/{rel}","templated":true}]}}