{"id":42035,"date":"2021-07-10T10:27:38","date_gmt":"2021-07-10T14:27:38","guid":{"rendered":"https:\/\/www.radioamigavallenar.cl\/?p=42035"},"modified":"2021-07-10T10:27:38","modified_gmt":"2021-07-10T14:27:38","slug":"se-crea-mesa-de-capital-humano-para-la-industria-energetica-de-atacama","status":"publish","type":"post","link":"https:\/\/www.radioamigavallenar.cl\/?p=42035","title":{"rendered":"Se crea Mesa de Capital Humano para la industria energ\u00e9tica de Atacama"},"content":{"rendered":"<p>Uno de sus principales objetivos es contar con operarios, t\u00e9cnicos y profesionales especializados para proveer de mano de obra calificada para proyectos de energ\u00edas limpias.<\/p>\n<p>&nbsp;<\/p>\n<p>Conformada por 23 representantes del mundo privado, p\u00fablico y de la academia, se cre\u00f3 la Mesa T\u00e9cnica de Capital Humano, desarrollada en el marco del Programa Territorial Integrado (PTI) Energ\u00eda Atacama de Corfo. El prop\u00f3sito es impulsar la formaci\u00f3n de capital humano calificado, definiendo demandas de perfiles de cargo y competencias, en un trabajo colaborativo y articulado, orientado a ejecutar acciones a corto, mediano y largo plazo.<\/p>\n<p>&nbsp;<\/p>\n<p>La hoja de ruta que marca esta Mesa T\u00e9cnica en su primer a\u00f1o de implementaci\u00f3n se inicia con el desarrollo de dos estudios claves para conocer la realidad regional en materia de fuerza laboral y perfiles de competencias, junto con la detecci\u00f3n de la oferta educacional regional, t\u00e9cnica y profesional requerida por la industria energ\u00e9tica. A ello se suma, la realizaci\u00f3n de un seminario virtual sobre los \u00abDesaf\u00edos y oportunidades regionales para el desarrollo de la industria energ\u00e9tica\u00bb que se realizar\u00e1 en los pr\u00f3ximos meses y que espera reunir a los principales exponentes de la industria, as\u00ed como dar a conocer casos de \u00e9xito a nivel regional y nacional.<\/p>\n<p>&nbsp;<\/p>\n<p>La seremi de Energ\u00eda Atacama y presidenta del Consejo Estrat\u00e9gico del PTI Energ\u00eda Atacama, Kim Fa-Bondi destac\u00f3 que \u201cla regi\u00f3n lidera los rankings a nivel pa\u00eds en generaci\u00f3n de energ\u00eda y existe una cantidad important\u00edsima de proyectos. De all\u00ed la importancia de contar con profesionales y t\u00e9cnicos para el sector, a trav\u00e9s de la articulaci\u00f3n del PTI Energ\u00eda, con el mundo de la academia y la formaci\u00f3n\u201d.<\/p>\n<p>&nbsp;<\/p>\n<p>En esa misma l\u00ednea, la directora regional de Corfo Atacama, Silvia Zuleta, destac\u00f3 la participaci\u00f3n y se\u00f1al\u00f3 que \u201cagradecemos a todos los actores que est\u00e1n conformando esta mesa, lo que demuestra el gran inter\u00e9s que existe por impulsar un trabajo en alianza y articulado. Desde Corfo buscamos que las oportunidades que se generen en esta industria puedan ser capturadas por mano de obra y empresas de la regi\u00f3n, y este PTI considera estos ejes como parte de su intervenci\u00f3n en el territorio\u201d.<\/p>\n<p>&nbsp;<\/p>\n<p>Sim\u00f3n L\u00f3pez, Jefe de Relaciones Comunitarias y Asuntos P\u00fablicos del Parque E\u00f3lico Sarco de Aela Energ\u00eda, indic\u00f3 que \u201cesta instancia juega un rol fundamental para transmitir los requerimientos de la industria de energ\u00edas renovables e impulsar iniciativas que favorezcan la formaci\u00f3n de capital humano local y con perspectiva de g\u00e9nero\u201d.<\/p>\n<p>&nbsp;<\/p>\n<p>Desde la academia, Pablo Sanguinetti, vicerrector de INACAP Copiap\u00f3, se\u00f1al\u00f3 que \u201cuno de los grandes temas es el cierre de brechas de competencias y de all\u00ed la relevancia de participar en esta Mesa T\u00e9cnica, de modo de promover la formaci\u00f3n de profesionales que cuenten con las herramientas necesarias para dar respuesta oportuna a los requerimientos laborales del sector en la regi\u00f3n\u201d.<\/p>\n<p>&nbsp;<\/p>\n<p>La reuni\u00f3n virtual cont\u00f3 con la exposici\u00f3n de Alejandra Hidalgo, Encargada de Capital Humano de la Divisi\u00f3n de Energ\u00edas Sostenibles del Ministerio de Energ\u00eda quien explic\u00f3 la estrategia del Gobierno en esta materia, a trav\u00e9s de la \u201cRuta Energ\u00e9tica 2018 \u2013 2022\u201d y el rol que cumple la formaci\u00f3n, la educaci\u00f3n, la capacitaci\u00f3n y actualizaci\u00f3n permanente de competencias, en el proceso de transici\u00f3n energ\u00e9tica que Chile y el planeta est\u00e1 viviendo, frente al cambio clim\u00e1tico.<\/p>\n<p>&nbsp;<\/p>\n<p>Junto al eje de formaci\u00f3n de Capital Humano, el PTI Energ\u00eda Atacama articula esfuerzos p\u00fablico-privados en torno a otros dos ejes claves para fortalecer el sector: el desarrollo de proveedores y la generaci\u00f3n de mecanismos de vinculaci\u00f3n con el ecosistema de las energ\u00edas limpias en la regi\u00f3n.<\/p>\n<p>&nbsp;<\/p>\n<p>El PTI es impulsado por el Gobierno de Chile, a trav\u00e9s de Corfo, en alianza con la Secretar\u00eda Regional Ministerial de Energ\u00eda de Atacama y cuenta con recursos del Fondo de Innovaci\u00f3n para la Competitividad (FIC) del Gobierno Regional, aprobados por el Core Atacama. La iniciativa es ejecutada por GEDES, en su rol agente operador intermediario de Corfo.<\/p>\n","protected":false},"excerpt":{"rendered":"<p>Uno de sus principales objetivos es contar con operarios, t\u00e9cnicos y profesionales especializados para proveer de mano de obra calificada para proyectos de energ\u00edas limpias.&hellip; <\/p>\n","protected":false},"author":2,"featured_media":42036,"comment_status":"open","ping_status":"closed","sticky":false,"template":"","format":"standard","meta":{"footnotes":""},"categories":[38],"tags":[],"class_list":["post-42035","post","type-post","status-publish","format-standard","has-post-thumbnail","hentry","category-portada-regional"],"_links":{"self":[{"href":"https:\/\/www.radioamigavallenar.cl\/index.php?rest_route=\/wp\/v2\/posts\/42035","targetHints":{"allow":["GET"]}}],"collection":[{"href":"https:\/\/www.radioamigavallenar.cl\/index.php?rest_route=\/wp\/v2\/posts"}],"about":[{"href":"https:\/\/www.radioamigavallenar.cl\/index.php?rest_route=\/wp\/v2\/types\/post"}],"author":[{"embeddable":true,"href":"https:\/\/www.radioamigavallenar.cl\/index.php?rest_route=\/wp\/v2\/users\/2"}],"replies":[{"embeddable":true,"href":"https:\/\/www.radioamigavallenar.cl\/index.php?rest_route=%2Fwp%2Fv2%2Fcomments&post=42035"}],"version-history":[{"count":1,"href":"https:\/\/www.radioamigavallenar.cl\/index.php?rest_route=\/wp\/v2\/posts\/42035\/revisions"}],"predecessor-version":[{"id":42037,"href":"https:\/\/www.radioamigavallenar.cl\/index.php?rest_route=\/wp\/v2\/posts\/42035\/revisions\/42037"}],"wp:featuredmedia":[{"embeddable":true,"href":"https:\/\/www.radioamigavallenar.cl\/index.php?rest_route=\/wp\/v2\/media\/42036"}],"wp:attachment":[{"href":"https:\/\/www.radioamigavallenar.cl\/index.php?rest_route=%2Fwp%2Fv2%2Fmedia&parent=42035"}],"wp:term":[{"taxonomy":"category","embeddable":true,"href":"https:\/\/www.radioamigavallenar.cl\/index.php?rest_route=%2Fwp%2Fv2%2Fcategories&post=42035"},{"taxonomy":"post_tag","embeddable":true,"href":"https:\/\/www.radioamigavallenar.cl\/index.php?rest_route=%2Fwp%2Fv2%2Ftags&post=42035"}],"curies":[{"name":"wp","href":"https:\/\/api.w.org\/{rel}","templated":true}]}}