{"id":42030,"date":"2021-07-10T10:14:41","date_gmt":"2021-07-10T14:14:41","guid":{"rendered":"https:\/\/www.radioamigavallenar.cl\/?p=42030"},"modified":"2021-07-10T10:14:41","modified_gmt":"2021-07-10T14:14:41","slug":"pescadores-de-chanaral-y-caldera-contaran-con-unidades-desalinizadoras-para-suministro-de-agua-potable","status":"publish","type":"post","link":"https:\/\/www.radioamigavallenar.cl\/?p=42030","title":{"rendered":"Pescadores de Cha\u00f1aral y Caldera contar\u00e1n con unidades desalinizadoras para suministro de agua potable"},"content":{"rendered":"<p>Con gran entusiasmo los pescadores artesanales de la caleta Torres del Inca, en Cha\u00f1aral,\u00a0 recibieron la adjudicaci\u00f3n de 95 millones de pesos de Indespa para la instalaci\u00f3n de una unidad de osmosis inversa, destinada al abastecimiento de agua potable de sus actividades productivas y de nuevos proyectos de esta comunidad pesquera.<\/p>\n<p>&nbsp;<\/p>\n<p>La iniciativa es resultado del fondo nacional Sistemas de Osmosis Inversa impulsado por el Instituto Nacional de Desarrollo Sustentable de la Pesca Artesanal y Acuicultura de Peque\u00f1a Escala, Indespa, y benefici\u00f3 tambi\u00e9n con 95 millones de pesos para la ejecuci\u00f3n de esta obra a los socios de la Corporaci\u00f3n de Pescadores Artesanales de Caldera, presidida por Miguel \u00c1valos.<\/p>\n<p>Estas unidades de osmosis inversa o desaladoras captan el agua de mar, que luego es sometida a un proceso de tratamiento y filtrado (osmosis inversa) quedando apta para el consumo humano.\u00a0 Las plantas, operadas adem\u00e1s con energ\u00eda solar, permiten suministrar un abastecimiento diario que va\u00a0 entre 6 mil a 10 mil litros de agua potabilizada destinada a los procesos productivos de los pescadores atacame\u00f1os.<\/p>\n<p>Pedro Contreras, presidente del sindicato de recolectores de orilla, buzos y pescadores artesanales de la caleta Torres del Inca &#8211; donde laboran ocho mujeres-, sostuvo que se trata de un anhelado proyecto para ampliar las actividades en torno a la caleta y las 25 familias que ah\u00ed conviven, dedicadas a la actividad pesquera.\u00a0 \u201cFelices, ya que el agua es un recurso principal para la vida, el cual nos va a servir para muchas iniciativas como la planta de proceso m\u00f3vil\u2026esto viene a levantar un mont\u00f3n de proyectos que antes los ve\u00edamos muy dif\u00edcil de accionar, as\u00ed que estamos muy contentos\u2026. muy agradecidos, creo que ha sido uno de los proyectos m\u00e1s importantes del tiempo que llevamos ac\u00e1\u201d, subray\u00f3 el dirigente.<\/p>\n<p>El Director Ejecutivo de Indespa, Jos\u00e9 Pedro N\u00fa\u00f1ez, sostuvo estos proyectos van en directo beneficio de la diversificaci\u00f3n productiva de las caletas. \u201cEstamos muy satisfechos porque esto les va a cambiar la vida a los pescadores y a sus familias al poder acceder por primera vez a un suministro de agua potabilizada. La misi\u00f3n de Indespa es apoyar el fomento productivo del sector y brindar herramientas de este tipo a las comunidades pesqueras van en directa relaci\u00f3n con nuestro compromiso\u201d, sostuvo la autoridad.<\/p>\n<p>Estas nuevas unidades de osmosis se suman a otras dos adjudicadas en caleta Chica, regi\u00f3n de Tarapac\u00e1, y caleta Juan Fern\u00e1ndez, en la regi\u00f3n de Valpara\u00edso. A nivel nacional, Indespa dispuso m\u00e1s de 420 millones de pesos para la implementaci\u00f3n de estas plantas y la mantenci\u00f3n de otras cinco ya en operaci\u00f3n.<\/p>\n<div><\/div>\n","protected":false},"excerpt":{"rendered":"<p>Con gran entusiasmo los pescadores artesanales de la caleta Torres del Inca, en Cha\u00f1aral,\u00a0 recibieron la adjudicaci\u00f3n de 95 millones de pesos de Indespa para&hellip; <\/p>\n","protected":false},"author":2,"featured_media":42031,"comment_status":"open","ping_status":"closed","sticky":false,"template":"","format":"standard","meta":{"footnotes":""},"categories":[38],"tags":[],"class_list":["post-42030","post","type-post","status-publish","format-standard","has-post-thumbnail","hentry","category-portada-regional"],"_links":{"self":[{"href":"https:\/\/www.radioamigavallenar.cl\/index.php?rest_route=\/wp\/v2\/posts\/42030","targetHints":{"allow":["GET"]}}],"collection":[{"href":"https:\/\/www.radioamigavallenar.cl\/index.php?rest_route=\/wp\/v2\/posts"}],"about":[{"href":"https:\/\/www.radioamigavallenar.cl\/index.php?rest_route=\/wp\/v2\/types\/post"}],"author":[{"embeddable":true,"href":"https:\/\/www.radioamigavallenar.cl\/index.php?rest_route=\/wp\/v2\/users\/2"}],"replies":[{"embeddable":true,"href":"https:\/\/www.radioamigavallenar.cl\/index.php?rest_route=%2Fwp%2Fv2%2Fcomments&post=42030"}],"version-history":[{"count":1,"href":"https:\/\/www.radioamigavallenar.cl\/index.php?rest_route=\/wp\/v2\/posts\/42030\/revisions"}],"predecessor-version":[{"id":42032,"href":"https:\/\/www.radioamigavallenar.cl\/index.php?rest_route=\/wp\/v2\/posts\/42030\/revisions\/42032"}],"wp:featuredmedia":[{"embeddable":true,"href":"https:\/\/www.radioamigavallenar.cl\/index.php?rest_route=\/wp\/v2\/media\/42031"}],"wp:attachment":[{"href":"https:\/\/www.radioamigavallenar.cl\/index.php?rest_route=%2Fwp%2Fv2%2Fmedia&parent=42030"}],"wp:term":[{"taxonomy":"category","embeddable":true,"href":"https:\/\/www.radioamigavallenar.cl\/index.php?rest_route=%2Fwp%2Fv2%2Fcategories&post=42030"},{"taxonomy":"post_tag","embeddable":true,"href":"https:\/\/www.radioamigavallenar.cl\/index.php?rest_route=%2Fwp%2Fv2%2Ftags&post=42030"}],"curies":[{"name":"wp","href":"https:\/\/api.w.org\/{rel}","templated":true}]}}