{"id":42027,"date":"2021-07-10T10:13:38","date_gmt":"2021-07-10T14:13:38","guid":{"rendered":"https:\/\/www.radioamigavallenar.cl\/?p=42027"},"modified":"2021-07-10T10:13:38","modified_gmt":"2021-07-10T14:13:38","slug":"cosoc-ips-atacama-gestiona-charla-informativa-ampliada-para-adultos-mayores-de-la-region","status":"publish","type":"post","link":"https:\/\/www.radioamigavallenar.cl\/?p=42027","title":{"rendered":"COSOC IPS Atacama gestiona charla informativa ampliada para adultos mayores de la regi\u00f3n"},"content":{"rendered":"<p>M\u00e1s de una treintena de personas, en su mayor\u00eda adultos mayores, participaron de la charla informativa coordinada por IPS Atacama y en la que estuvieron presentes la Gobernadora de la Provincia de Copiap\u00f3, Paulina Bassaure Aguirre, el Seremi del Trabajo y Previsi\u00f3n Social, Carlos Leal Varas y el director regional de IPS, Hugo Plaza Pi\u00f1a.<\/p>\n<p>&nbsp;<\/p>\n<p>El espacio de conversaci\u00f3n orientada a revisar en detalle el Registro Social de Hogares como puerta de entrada para los beneficios del Estado, tambi\u00e9n permiti\u00f3 que las autoridades entregaran informaci\u00f3n respecto a la Red de Protecci\u00f3n Social levantada por el Gobierno.<\/p>\n<p>\u201cEstamos haciendo un importante esfuerzo para ayudar a los adultos mayores y a la clase media, fortaleciendo la red de protecci\u00f3n social para llegar a las familias a las que no hemos llegado a\u00fan porque teniendo derecho a los beneficios no han realizado la solicitud, entonces el foco de la difusi\u00f3n que realizamos junto a IPS y los seremis de Desarrollo Social y el Trabajo est\u00e1 ah\u00ed\u201d, coment\u00f3 la Gobernadora.<\/p>\n<p>Por su parte, el Secretario Regional Ministerial del Trabajo y Previsi\u00f3n Social, Carlos Leal Varas se\u00f1al\u00f3 que: \u201cPara m\u00ed es muy grato poder verlos y resolver sus dudas. Agradecemos al COSOC de IPS Atacama por gestionar esta instancia con los profesionales de la instituci\u00f3n, es fundamental entregar informaci\u00f3n acertada a nuestros adultos mayores sobre beneficios como el IFE Universal y educar respecto de la importancia del Registro Social de Hogares, y que mejor que hacerlo a trav\u00e9s\u00a0 de COSOC de IPS Atacama, que ha preparado esta provechosa charla informativa, desde ya nos comprometemos a darle continuidad a estos espacios para abordar temas como el Bono Alivio para la Pymes que tambi\u00e9n ha sido requerido por la comunidad\u201d.<\/p>\n<p>En una extensa sesi\u00f3n Gabriela Mancilla Mateluna, Coordinadora regional de fiscalizaci\u00f3n de Registro Social de Hogares, explic\u00f3 a los participantes c\u00f3mo opera el Registro Social de Hogares, describiendo el cruce de informaci\u00f3n que existe entre diferentes instituciones para validar y complementar datos, as\u00ed como la forma correcta de realizar actualizaciones al instrumento.<\/p>\n<p>Cabe destacar que la charla fue resultado de la solicitud realizada por el COSOC de IPS Atacama durante su \u00faltima sesi\u00f3n, para que sus representados y diferentes agrupaciones de adultos mayores pudieran acceder a informaci\u00f3n directa desde las entidades que gestionan el Registro Social de Hogares y el Ingreso Familiar de Emergencia, entre otros beneficios de la contingencia. \u00abNuestros consejeros expresaron la necesidad de contar con esta charla y acogimos su solicitud con celeridad haciendo las coordinaciones pertinentes para poder llevar a cabo este encuentro lo m\u00e1s pronto posible, considerando adem\u00e1s que comenzamos una nueva ventana de postulaciones al Ingreso Familiar de Emergencia. Ahora nos encontramos coordinando otras instancias similares para ampliar la difusi\u00f3n de estos beneficios y la forma de acceder a ellos\u00bb, coment\u00f3 al respecto el director regional de IPS Atacama.<\/p>\n<p>Sobre el COSOC de IPS Atacama es importante se\u00f1alar que se encuentra conformado por cinco personas, quienes representan a las organizaciones: Asociaci\u00f3n de Consumidores Adulto Mayor, Agrupaci\u00f3n PRAIS, Uni\u00f3n Comunal del Adulto Mayor, Agrupaci\u00f3n chilena de personas con discapacidad y Libertad TransAtacama.<\/p>\n","protected":false},"excerpt":{"rendered":"<p>M\u00e1s de una treintena de personas, en su mayor\u00eda adultos mayores, participaron de la charla informativa coordinada por IPS Atacama y en la que estuvieron&hellip; <\/p>\n","protected":false},"author":2,"featured_media":42028,"comment_status":"open","ping_status":"closed","sticky":false,"template":"","format":"standard","meta":{"footnotes":""},"categories":[38],"tags":[],"class_list":["post-42027","post","type-post","status-publish","format-standard","has-post-thumbnail","hentry","category-portada-regional"],"_links":{"self":[{"href":"https:\/\/www.radioamigavallenar.cl\/index.php?rest_route=\/wp\/v2\/posts\/42027","targetHints":{"allow":["GET"]}}],"collection":[{"href":"https:\/\/www.radioamigavallenar.cl\/index.php?rest_route=\/wp\/v2\/posts"}],"about":[{"href":"https:\/\/www.radioamigavallenar.cl\/index.php?rest_route=\/wp\/v2\/types\/post"}],"author":[{"embeddable":true,"href":"https:\/\/www.radioamigavallenar.cl\/index.php?rest_route=\/wp\/v2\/users\/2"}],"replies":[{"embeddable":true,"href":"https:\/\/www.radioamigavallenar.cl\/index.php?rest_route=%2Fwp%2Fv2%2Fcomments&post=42027"}],"version-history":[{"count":1,"href":"https:\/\/www.radioamigavallenar.cl\/index.php?rest_route=\/wp\/v2\/posts\/42027\/revisions"}],"predecessor-version":[{"id":42029,"href":"https:\/\/www.radioamigavallenar.cl\/index.php?rest_route=\/wp\/v2\/posts\/42027\/revisions\/42029"}],"wp:featuredmedia":[{"embeddable":true,"href":"https:\/\/www.radioamigavallenar.cl\/index.php?rest_route=\/wp\/v2\/media\/42028"}],"wp:attachment":[{"href":"https:\/\/www.radioamigavallenar.cl\/index.php?rest_route=%2Fwp%2Fv2%2Fmedia&parent=42027"}],"wp:term":[{"taxonomy":"category","embeddable":true,"href":"https:\/\/www.radioamigavallenar.cl\/index.php?rest_route=%2Fwp%2Fv2%2Fcategories&post=42027"},{"taxonomy":"post_tag","embeddable":true,"href":"https:\/\/www.radioamigavallenar.cl\/index.php?rest_route=%2Fwp%2Fv2%2Ftags&post=42027"}],"curies":[{"name":"wp","href":"https:\/\/api.w.org\/{rel}","templated":true}]}}