{"id":42024,"date":"2021-07-10T10:11:25","date_gmt":"2021-07-10T14:11:25","guid":{"rendered":"https:\/\/www.radioamigavallenar.cl\/?p=42024"},"modified":"2021-07-10T10:11:25","modified_gmt":"2021-07-10T14:11:25","slug":"convencionalista-atacameno-max-hurtado-no-veo-al-pc-y-al-fa-tratando-de-apoderarse-de-la-convencion-constituyente","status":"publish","type":"post","link":"https:\/\/www.radioamigavallenar.cl\/?p=42024","title":{"rendered":"Convencionalista atacame\u00f1o Max Hurtado: \u201cNo veo al PC y al FA tratando de apoderarse de la Convenci\u00f3n Constituyente\u201d"},"content":{"rendered":"<p>La agenda noticiosa e informativa nacional la acapara por estos d\u00edas la Convenci\u00f3n Constituyente que, a decir verdad, ha centrado m\u00e1s la atenci\u00f3n de los medios y la opini\u00f3n p\u00fablica por los dimes y diretes de muchos de sus miembros m\u00e1s que por el trabajo mismo mandatado por la ciudadan\u00eda en orden a redactar una nueva Carta Magna para nuestro pa\u00eds.<\/p>\n<p>Entre los 155 miembros que componen esta nueva instancia de participaci\u00f3n ciudadana, se encuentra Maximiliano Hurtado Roco, uno de los cuatro candidatos electos en Atacama, al margen de los dos cupos designados para los pueblos originarios. Tiene estudios de Derecho en la Universidad de Atacama y hace m\u00e1s de 15 a\u00f1os se desempe\u00f1a como asesor legislativo.<\/p>\n<p>Mientras sus pares del Frente Amplio, la Lista del Pueblo y el Partido Comunista parecieran estar en llamas contra todo lo establecido en la Constituci\u00f3n vigente, exigiendo renuncias de ministros, liberaci\u00f3n de presos pol\u00edticos y la eliminaci\u00f3n de nuestro Himno Nacional y del quorum de los dos tercios,\u00a0 entre otros temas, este joven copiapino de 36 a\u00f1os, pero con ra\u00edces en caldera y que particip\u00f3 representando a la Lista del Apruebo, pareciera estar con los cables m\u00e1s a tierra y enfocado en su obligaci\u00f3n asumida hace algunos d\u00edas en el ex edificio del Congreso Nacional.<\/p>\n<p><strong>\u00bfA qui\u00e9n atribuye y responsabiliza de los des\u00f3rdenes administrativos y log\u00edsticos sucedidos en estos primeros d\u00edas de trabajo de la Convenci\u00f3n?<\/strong><\/p>\n<p>-Primero, a la clara obstrucci\u00f3n y obstaculizaci\u00f3n que ha hecho el Gobierno respecto del proceso constituyente y a la no preocupaci\u00f3n que ha tenido respecto de la instalaci\u00f3n de la Convenci\u00f3n Constitucional. Claramente, la Constituci\u00f3n actual lo obliga a asumir esta tarea y, en cambio, lo que hemos podido constatar es que este mandato constitucional no se ha cumplido para nada. En segundo lugar, estamos viviendo un proceso constitucional que no tiene reglas y, por lo tanto, debe discutir sus propias normas, lo que resulta en un proceso complejo. Es sabido que en otros procesos asamble\u00edstas, como los que se viven por ejemplo al interior de las universidades, el primer paso es \u00b4votar c\u00f3mo se vota\u00b4, lo que es complejo y esperamos ir subsanando a medida que logremos los acuerdos pertinentes.<\/p>\n<p><strong>D\u00edas atr\u00e1s un grupo de constituyentes de Chile Vamos emiti\u00f3 un pronunciamiento para recordar a sus pares de la izquierda que el trabajo y conducta de los convencionales debe estar sujeto a la Constituci\u00f3n vigente.<\/strong><\/p>\n<p>-Por supuesto. Eso tambi\u00e9n va a ser un proceso, es decir, transitar de una norma constitucional que actualmente nos rige a la nueva Constituci\u00f3n. Las reglas las tenemos claras, respecto de las facultades que nos otorga la Constituci\u00f3n vigente. No existe un \u00e1nimo de traspasar esa barrera al interior de la Convenci\u00f3n\u2026 no la veo.<\/p>\n<p><strong>Entonces\u2026 \u00bfdescarta que existan posiciones y actitudes totalitarias e intransigentes como exigir la liberaci\u00f3n de los presos pol\u00edticos?<\/strong><\/p>\n<p>-Derechamente, \u00a0no existe. A prop\u00f3sito de este tema, la declaraci\u00f3n que hemos aprobado hoy (jueves 8 de julio), establece claramente un llamado a los poderes del Estado que tienen que ver con este tipo de cuestiones, es decir, el Poder Ejecutivo y el Poder Legislativo, para que hagan su trabajo, entendiendo desde ya que estas facultades no est\u00e1n en la Convenci\u00f3n Constitucional y que tienen que ser ellos quienes discutan este tipo de cuestiones. Es m\u00e1s, en esta declaraci\u00f3n firmada hoy, ese tipo de cosas se consignan claramente, es decir, que esta Convenci\u00f3n Constitucional no tiene las facultades para decretar la liberaci\u00f3n de personas.<\/p>\n<p><strong>En lo personal, \u00bfcu\u00e1l es su opini\u00f3n respecto a esta materia, tomando en cuenta que el Partido Comunista sigue presionando para que se libere a estas personas?<\/strong><\/p>\n<p>-El Partido Comunista ha sacado una declaraci\u00f3n hace poco para suspender la Constituci\u00f3n mientras se discute la validez de la regla de los 2\/3. Particularmente, tengo una postura distinta. Mi idea es darle celeridad a este proceso, lo que significa entender que las normas que tenemos est\u00e1n desde antes y tenemos que respetarlas; por lo tanto, yo me concentrar\u00e9 en eso, en enfocarnos lo m\u00e1s pronto posible en lo que son los temas de fondo para la ciudadan\u00eda.<\/p>\n<p><strong>\u00bfEsta postura suya es personal o mayoritaria?. Se lo pregunto por los afanes que hemos visto en algunos constitucionalistas de pretender convertirse casi en un nuevo poder del Estado.<\/strong><\/p>\n<p>-No, yo creo que esta postura es mayoritaria; es decir, dejar de lado las discusiones administrativas, sem\u00e1nticas y te\u00f3ricas, para pasar de lleno a realizar el trabajo para el cual fuimos mandatados y esa es una postura mayoritaria al interior de la Convenci\u00f3n.<\/p>\n<p><strong>\u00bfNo cree que un sector de esta Convenci\u00f3n inici\u00f3 su trabajo con una actitud muy rupturista, poniendo como ejemplo tan solo el llamado a eliminar nuestro Himno Nacional?<\/strong><\/p>\n<p>-Estas son opiniones que se han ido poniendo sobre la mesa, pero que representan opiniones particulares, pero en lo general no veo un \u00e1nimo mayoritario al interior de la Convenci\u00f3n de obstaculizar y entrar a discutir este tipo de cosas; por el contrario, lo que veo es el \u00e1nimo de superar r\u00e1pidamente este tipo de controversias y ponernos a trabajar en lo que realmente debemos hacer.<\/p>\n<p><strong>Precisamente hoy, circul\u00f3 en redes sociales un comentario del ex Presidente de Uruguay, Jos\u00e9 Mujica, diciendo: \u201cTemo que esta Convenci\u00f3n se convierta en una bolsa de gatos\u201d\u2026 \u00bfLe parece que pueda llegar a cumplirse este aprensivo pron\u00f3stico, independientemente que lo haya dicho o no?<\/strong><\/p>\n<p>-No las he le\u00eddo y tiendo a creer que no son reales. Sin embargo, me parece una preocupaci\u00f3n sensata que debemos cuidar este proceso y darle conducci\u00f3n para que no solo resulte bien, sino que la ciudadan\u00eda pueda participar y palpar de buena forma lo que se est\u00e1 haciendo desde la Convenci\u00f3n Constitucional y eso es un deber de todos los constituyentes.<\/p>\n<p><strong>Entonces, \u00bfno hay riesgo, a su juicio, de que el Partido Comunista y la Lista del Pueblo se apropien de esta convenci\u00f3n y la desv\u00eden de su sentido original?<\/strong><\/p>\n<p>-No para nada. Yo tengo muy buenas relaciones con el Partido Comunista y, durante estos d\u00edas, he ido teniendo muy buenas relaciones con los convencionales de la Lista del Pueblo y veo en ellos el mismo \u00e1nimo constructivo que tengo yo. No me imagino que est\u00e9n pensando en algo distinto que no sea responder a las expectativas que tiene la ciudadan\u00eda para construir a la brevedad, una propuesta de Constituci\u00f3n que le d\u00e9 un respiro a nuestro pa\u00eds. Por eso, hay que cuidar la Convenci\u00f3n, el debate y la participaci\u00f3n ciudadana. Recordemos que al final de nuestro trabajo, deber\u00e1 aprobarse el texto propuesto en un plebiscito de calidad y, por lo tanto, es importante no solo el fondo, sino tambi\u00e9n la forma en que se elabora esta nueva Constituci\u00f3n.<\/p>\n<p><strong>\u00bfCu\u00e1l podr\u00eda ser el aporte que puede hacer como atacame\u00f1o, en el sentido de considerar ac\u00e1pites que digan relaci\u00f3n con el fortalecimiento de nuestra regi\u00f3n?<\/strong><\/p>\n<p>-Tenemos que discutir un mont\u00f3n de temas con mirada de regi\u00f3n, por ejemplo, c\u00f3mo hacemos que el desarrollo de nuestras actividades productivas sea compatible con la mirada medioambiental que hoy todos exigen. Creo que este tipo de cuesti\u00f3n tenemos que ser capaces de discutirla; no se trata de tomar posturas r\u00edgidas respecto de acabar de lleno con las actividades que son propias de una regi\u00f3n como la nuestra, pero s\u00ed de llegar a acuerdos y que se entienda que en una regi\u00f3n minera como la nuestra ese tipo de cuesti\u00f3n son importantes. Tambi\u00e9n hay otros temas que son urgentes para la regi\u00f3n, como son la vivienda, la salud y la educaci\u00f3n p\u00fablica, respecto de los cuales debemos incorporar nuestra propia mirada.<\/p>\n","protected":false},"excerpt":{"rendered":"<p>La agenda noticiosa e informativa nacional la acapara por estos d\u00edas la Convenci\u00f3n Constituyente que, a decir verdad, ha centrado m\u00e1s la atenci\u00f3n de los&hellip; <\/p>\n","protected":false},"author":2,"featured_media":42025,"comment_status":"open","ping_status":"closed","sticky":false,"template":"","format":"standard","meta":{"footnotes":""},"categories":[38],"tags":[],"class_list":["post-42024","post","type-post","status-publish","format-standard","has-post-thumbnail","hentry","category-portada-regional"],"_links":{"self":[{"href":"https:\/\/www.radioamigavallenar.cl\/index.php?rest_route=\/wp\/v2\/posts\/42024","targetHints":{"allow":["GET"]}}],"collection":[{"href":"https:\/\/www.radioamigavallenar.cl\/index.php?rest_route=\/wp\/v2\/posts"}],"about":[{"href":"https:\/\/www.radioamigavallenar.cl\/index.php?rest_route=\/wp\/v2\/types\/post"}],"author":[{"embeddable":true,"href":"https:\/\/www.radioamigavallenar.cl\/index.php?rest_route=\/wp\/v2\/users\/2"}],"replies":[{"embeddable":true,"href":"https:\/\/www.radioamigavallenar.cl\/index.php?rest_route=%2Fwp%2Fv2%2Fcomments&post=42024"}],"version-history":[{"count":1,"href":"https:\/\/www.radioamigavallenar.cl\/index.php?rest_route=\/wp\/v2\/posts\/42024\/revisions"}],"predecessor-version":[{"id":42026,"href":"https:\/\/www.radioamigavallenar.cl\/index.php?rest_route=\/wp\/v2\/posts\/42024\/revisions\/42026"}],"wp:featuredmedia":[{"embeddable":true,"href":"https:\/\/www.radioamigavallenar.cl\/index.php?rest_route=\/wp\/v2\/media\/42025"}],"wp:attachment":[{"href":"https:\/\/www.radioamigavallenar.cl\/index.php?rest_route=%2Fwp%2Fv2%2Fmedia&parent=42024"}],"wp:term":[{"taxonomy":"category","embeddable":true,"href":"https:\/\/www.radioamigavallenar.cl\/index.php?rest_route=%2Fwp%2Fv2%2Fcategories&post=42024"},{"taxonomy":"post_tag","embeddable":true,"href":"https:\/\/www.radioamigavallenar.cl\/index.php?rest_route=%2Fwp%2Fv2%2Ftags&post=42024"}],"curies":[{"name":"wp","href":"https:\/\/api.w.org\/{rel}","templated":true}]}}