{"id":42021,"date":"2021-07-10T10:09:07","date_gmt":"2021-07-10T14:09:07","guid":{"rendered":"https:\/\/www.radioamigavallenar.cl\/?p=42021"},"modified":"2021-07-10T10:09:07","modified_gmt":"2021-07-10T14:09:07","slug":"cmp-implementa-buses-100-electricos-en-dos-de-sus-faenas","status":"publish","type":"post","link":"https:\/\/www.radioamigavallenar.cl\/?p=42021","title":{"rendered":"CMP implementa buses 100% el\u00e9ctricos en dos de sus faenas"},"content":{"rendered":"<p><strong>Los m\u00f3viles se utilizar\u00e1n para el traslado de trabajadores y trabajadoras, quienes diariamente se dirigen desde sus casas hasta las operaciones.<\/strong><\/p>\n<p><strong>Se invit\u00f3 a universidades para que fuesen parte de la evaluaci\u00f3n del proyecto piloto.\u00a0<\/strong><span id=\"more-142167\"><\/span><\/p>\n<p class=\"v1MsoNormal\">En ceremonias realizadas en las faenas Minas el Romeral de La Serena y Cerro Negro Norte de Copiap\u00f3, Compa\u00f1\u00eda Minera del Pac\u00edfico, CMP, dio el vamos a la implementaci\u00f3n de sus primeros dos buses 100% el\u00e9ctricos, los cuales ser\u00e1n utilizados para el traslado diario de trabajadores y trabajadoras, desde sus casas hasta las mencionadas operaciones.<\/p>\n<p class=\"v1MsoNormal\">Para la compa\u00f1\u00eda, la electromovilidad surge como una nueva experiencia para seguir creando una miner\u00eda diferente y potenciar el consumo sostenible en sus distintos procesos. Es as\u00ed como esta iniciativa se suma a la utilizaci\u00f3n de recursos renovables, como es el caso del agua desalinizada y la energ\u00eda solar. De esta forma la empresa reafirma su compromiso con el de desarrollo sostenible del territorio y de su gente.<\/p>\n<p class=\"v1MsoNormal\">El proyecto de CMP considera una etapa piloto de ocho meses, periodo durante el cual se evaluar\u00e1 el rendimiento, consumo y desempe\u00f1o de los veh\u00edculos, con miras a una posible expansi\u00f3n hacia sus diferentes operaciones, migrando del combustible a la electricidad.<\/p>\n<p class=\"v1MsoNormal\">Otro de los objetivos de la compa\u00f1\u00eda es poder vincularse con el medio a trav\u00e9s de la academia. En este sentido, la empresa invit\u00f3 a las universidades de La Serena y Atacama a generar alianzas estrat\u00e9gicas para que los departamentos vinculados, junto a sus estudiantes, realicen estudios y m\u00e9tricas del proyecto piloto.<\/p>\n<p class=\"v1MsoNormal\">El gerente de Administraci\u00f3n y Finanzas de CMP, Carlos Sep\u00falveda, se\u00f1al\u00f3 que \u201cnosotros como compa\u00f1\u00eda nos hemos propuesto conectarnos desde nuestros procesos con la sustentabilidad y, dentro de esto, la eficiencia energ\u00e9tica es un pilar fundamental. Estamos confiados en que vamos a obtener muy buenos resultados, que nos permitir\u00e1n seguir en un proceso de desarrollo sostenible para lograr en un futuro el 100% de nuestro transporte con electromovilidad\u201d.<\/p>\n<p class=\"v1MsoNormal\">Cabe mencionar que los dos buses el\u00e9ctricos ser\u00e1n operados por la empresa T\u00e1ndem del Grupo Pullman, l\u00edderes en electromovilidad. Al respecto, el gerente general del grupo, Marcos Campos, detall\u00f3 que las unidades \u201ccuentan con est\u00e1ndares muy similares en t\u00e9rminos de confort al di\u00e9sel, los asientos, la calefacci\u00f3n y entretenimiento abordo, pero lo principal es el tema de la sustentabilidad, porque se utilizan bater\u00edas de litio las cuales tienen una vida \u00fatil de entre 8 a 10 a\u00f1os, lo que permite disminuir las emisiones de CO2 al medio ambiente\u201d.<\/p>\n<p class=\"v1MsoNormal\">Por su parte, en la ceremonia de lanzamiento consignada en Cerro Negro Norte, el seremi de Miner\u00eda, Ra\u00fal Salas, agreg\u00f3 que \u201cqueremos avanzar en generar m\u00e1s y mejor miner\u00eda. Este bus el\u00e9ctrico es un ejemplo de ello, ya que genera m\u00faltiples beneficios en t\u00e9rminos de huella de carbono y ruido. Esperamos que la evaluaci\u00f3n de este proyecto piloto sea positiva, para seguir construyendo, con una mirada sustentable, una miner\u00eda verde para la regi\u00f3n de Atacama\u201d.<\/p>\n<p class=\"v1MsoNormal\">A su vez, la gobernadora de la provincia de Copiap\u00f3, Paulina Bassaure, destac\u00f3 que \u201cpara el Gobierno la electromovilidad es una prioridad. Felicitamos a CMP por su compromiso, avanzar en esta senda y comprometerse en entregar y heredar a nuestros hijos e hijas un mejor lugar para vivir\u201d.<\/p>\n<p class=\"v1MsoNormal\">Dentro de los beneficios de un bus el\u00e9ctrico, en comparaci\u00f3n a un convencional, est\u00e1 la disminuci\u00f3n de un 50% de la huella de carbono, el emitir un 10% menos de ruido y reducir en un 70% los costos de mantenci\u00f3n, sumado a una mayor vida \u00fatil y la comodidad de las m\u00e1quinas.<\/p>\n","protected":false},"excerpt":{"rendered":"<p>Los m\u00f3viles se utilizar\u00e1n para el traslado de trabajadores y trabajadoras, quienes diariamente se dirigen desde sus casas hasta las operaciones. Se invit\u00f3 a universidades&hellip; <\/p>\n","protected":false},"author":2,"featured_media":42022,"comment_status":"open","ping_status":"closed","sticky":false,"template":"","format":"standard","meta":{"footnotes":""},"categories":[7],"tags":[],"class_list":["post-42021","post","type-post","status-publish","format-standard","has-post-thumbnail","hentry","category-atacama"],"_links":{"self":[{"href":"https:\/\/www.radioamigavallenar.cl\/index.php?rest_route=\/wp\/v2\/posts\/42021","targetHints":{"allow":["GET"]}}],"collection":[{"href":"https:\/\/www.radioamigavallenar.cl\/index.php?rest_route=\/wp\/v2\/posts"}],"about":[{"href":"https:\/\/www.radioamigavallenar.cl\/index.php?rest_route=\/wp\/v2\/types\/post"}],"author":[{"embeddable":true,"href":"https:\/\/www.radioamigavallenar.cl\/index.php?rest_route=\/wp\/v2\/users\/2"}],"replies":[{"embeddable":true,"href":"https:\/\/www.radioamigavallenar.cl\/index.php?rest_route=%2Fwp%2Fv2%2Fcomments&post=42021"}],"version-history":[{"count":1,"href":"https:\/\/www.radioamigavallenar.cl\/index.php?rest_route=\/wp\/v2\/posts\/42021\/revisions"}],"predecessor-version":[{"id":42023,"href":"https:\/\/www.radioamigavallenar.cl\/index.php?rest_route=\/wp\/v2\/posts\/42021\/revisions\/42023"}],"wp:featuredmedia":[{"embeddable":true,"href":"https:\/\/www.radioamigavallenar.cl\/index.php?rest_route=\/wp\/v2\/media\/42022"}],"wp:attachment":[{"href":"https:\/\/www.radioamigavallenar.cl\/index.php?rest_route=%2Fwp%2Fv2%2Fmedia&parent=42021"}],"wp:term":[{"taxonomy":"category","embeddable":true,"href":"https:\/\/www.radioamigavallenar.cl\/index.php?rest_route=%2Fwp%2Fv2%2Fcategories&post=42021"},{"taxonomy":"post_tag","embeddable":true,"href":"https:\/\/www.radioamigavallenar.cl\/index.php?rest_route=%2Fwp%2Fv2%2Ftags&post=42021"}],"curies":[{"name":"wp","href":"https:\/\/api.w.org\/{rel}","templated":true}]}}