{"id":42018,"date":"2021-07-10T10:07:25","date_gmt":"2021-07-10T14:07:25","guid":{"rendered":"https:\/\/www.radioamigavallenar.cl\/?p=42018"},"modified":"2021-07-10T10:07:25","modified_gmt":"2021-07-10T14:07:25","slug":"dirigentes-y-pirquineros-de-freirina-dialogaron-con-el-seremi-de-mineria","status":"publish","type":"post","link":"https:\/\/www.radioamigavallenar.cl\/?p=42018","title":{"rendered":"Dirigentes y pirquineros de Freirina dialogaron con el Seremi de Miner\u00eda"},"content":{"rendered":"<p><strong><span lang=\"es\">La autoridad tuvo una significativa acogida por parte de los peque\u00f1os productores, quienes reconocieron la importancia de este tipo de encuentros en terreno.<\/span><\/strong><\/p>\n<p><span lang=\"es\">El seremi de Miner\u00eda de Atacama, Ra\u00fal Salas Aguilera, lleg\u00f3 hasta Freirina donde se reuni\u00f3 con los dirigentes y socios de la Asociaci\u00f3n Minera y del Sindicato de Pirquineros de la comuna. La reuni\u00f3n form\u00f3 parte de un trabajo que se est\u00e1 realizando en terreno para recoger las necesidades e inquietudes de los peque\u00f1os productores, as\u00ed como para difundir los beneficios para el sector que est\u00e1 entregando el Gobierno en conjunto con el Consejo Regional.\u00a0<\/span><\/p>\n<p class=\"v1MsoNormal\"><span lang=\"es\">El seremi Ra\u00fal Salas manifest\u00f3 su conformidad con el resultado de este encuentro y destac\u00f3 que \u201ctal como nos solicit\u00f3 nuestro intendente Patricio Urquieta, iniciamos conversaciones con las asociaciones gremiales de la regi\u00f3n; estamos generando estos acercamientos para conversar, tomar nota de sus necesidades y requerimientos, para buscar soluciones de corto, mediano y largo plazo con el fin que sigamos haciendo m\u00e1s y mejor miner\u00eda en Atacama\u201d.\u00a0<\/span><\/p>\n<p class=\"v1MsoNormal\"><span lang=\"es\">En tanto, los participantes de la reuni\u00f3n dieron a conocer a la autoridad regional los problemas que afectan el trabajo extractivo en general y tambi\u00e9n se recogieron inquietudes particulares. Al final de la jornada manifestaron su acuerdo en que la nueva autoridad realice este tipo de encuentros.\u00a0<\/span><\/p>\n<p class=\"v1MsoNormal\"><span lang=\"es\">German Arriaza presidente de la Asociaci\u00f3n Minera opin\u00f3 que \u201ces importante que nos visiten las nuevas autoridades, ya que tenemos muchas esperanzas en cuanto a la gesti\u00f3n que puede hacer el nuevo seremi\u201d.\u00a0<\/span><\/p>\n<p class=\"v1MsoNormal\"><span lang=\"es\">Asimismo, Nolberto Araya, presidente del Sindicato de Pirquineros afirm\u00f3 que \u201ces excelente que lleguen las autoridades a Freirina, para que conozcan las condiciones en que trabajan los pirquineros ac\u00e1, es muy positivo que el seremi se presente donde las papas queman\u201d.\u00a0<\/span><\/p>\n","protected":false},"excerpt":{"rendered":"<p>La autoridad tuvo una significativa acogida por parte de los peque\u00f1os productores, quienes reconocieron la importancia de este tipo de encuentros en terreno. El seremi&hellip; <\/p>\n","protected":false},"author":2,"featured_media":42019,"comment_status":"open","ping_status":"closed","sticky":false,"template":"","format":"standard","meta":{"footnotes":""},"categories":[7],"tags":[],"class_list":["post-42018","post","type-post","status-publish","format-standard","has-post-thumbnail","hentry","category-atacama"],"_links":{"self":[{"href":"https:\/\/www.radioamigavallenar.cl\/index.php?rest_route=\/wp\/v2\/posts\/42018","targetHints":{"allow":["GET"]}}],"collection":[{"href":"https:\/\/www.radioamigavallenar.cl\/index.php?rest_route=\/wp\/v2\/posts"}],"about":[{"href":"https:\/\/www.radioamigavallenar.cl\/index.php?rest_route=\/wp\/v2\/types\/post"}],"author":[{"embeddable":true,"href":"https:\/\/www.radioamigavallenar.cl\/index.php?rest_route=\/wp\/v2\/users\/2"}],"replies":[{"embeddable":true,"href":"https:\/\/www.radioamigavallenar.cl\/index.php?rest_route=%2Fwp%2Fv2%2Fcomments&post=42018"}],"version-history":[{"count":1,"href":"https:\/\/www.radioamigavallenar.cl\/index.php?rest_route=\/wp\/v2\/posts\/42018\/revisions"}],"predecessor-version":[{"id":42020,"href":"https:\/\/www.radioamigavallenar.cl\/index.php?rest_route=\/wp\/v2\/posts\/42018\/revisions\/42020"}],"wp:featuredmedia":[{"embeddable":true,"href":"https:\/\/www.radioamigavallenar.cl\/index.php?rest_route=\/wp\/v2\/media\/42019"}],"wp:attachment":[{"href":"https:\/\/www.radioamigavallenar.cl\/index.php?rest_route=%2Fwp%2Fv2%2Fmedia&parent=42018"}],"wp:term":[{"taxonomy":"category","embeddable":true,"href":"https:\/\/www.radioamigavallenar.cl\/index.php?rest_route=%2Fwp%2Fv2%2Fcategories&post=42018"},{"taxonomy":"post_tag","embeddable":true,"href":"https:\/\/www.radioamigavallenar.cl\/index.php?rest_route=%2Fwp%2Fv2%2Ftags&post=42018"}],"curies":[{"name":"wp","href":"https:\/\/api.w.org\/{rel}","templated":true}]}}