{"id":42016,"date":"2021-07-10T10:06:25","date_gmt":"2021-07-10T14:06:25","guid":{"rendered":"https:\/\/www.radioamigavallenar.cl\/?p=42016"},"modified":"2021-07-10T10:06:25","modified_gmt":"2021-07-10T14:06:25","slug":"diputada-cicardini-el-gobierno-quiso-sabotear-la-convencion-constitucional-y-ahora-se-burla-de-las-regiones-quitandole-recursos-a-los-nuevos-gobernadores","status":"publish","type":"post","link":"https:\/\/www.radioamigavallenar.cl\/?p=42016","title":{"rendered":"Diputada Cicardini: \u201cEl gobierno quiso sabotear la Convenci\u00f3n Constitucional y ahora se burla de las regiones quit\u00e1ndole recursos a los nuevos gobernadores\u201d"},"content":{"rendered":"<p class=\"v1MsoNormal\"><strong>Parlamentaria inform\u00f3 que, entre otras acciones, oficiar\u00e1 al ministerio de Hacienda, Dipres y Contralor\u00eda, y solicitar\u00e1 una sesi\u00f3n especial de la C\u00e1mara para abordar y exigir revertir la decisi\u00f3n de disminuci\u00f3n presupuestaria para Atacama y regiones perjudicadas.<\/strong><i><\/i><span id=\"more-142171\"><\/span><\/p>\n<p class=\"v1MsoNormal\">Con molestia y se\u00f1al\u00e1ndolo como una burla a la descentralizaci\u00f3n \u00a0\u201cy la continuidad del sabotaje a los cambios en la Convenci\u00f3n Constituyente\u201d, reaccion\u00f3 la diputada (PS) por Atacama, Daniella Cicardini, ante la decisi\u00f3n del gobierno a trav\u00e9s de la Direcci\u00f3n de Presupuestos, de disminuir los recursos de 13 de los 15 nuevos Gobernadores Regionales, incluyendo la nueva autoridad de la regi\u00f3n de Atacama.<\/p>\n<p class=\"v1MsoNormal\">La medida se dio a conocer a trav\u00e9s de la difusi\u00f3n del contenido de un decreto de la Direcci\u00f3n de Presupuestos, Dipres, e implica un recorte de recursos por cerca de 1400 millones de pesos a las nuevas autoridades que asumen sus cargos este pr\u00f3ximo 14 de julio; recursos adem\u00e1s reasignados a la figura de los delegados presidenciales, que asumir\u00e1n los actuales intendentes como representante del Presidente de la Rep\u00fablica en cada una de las regiones.<\/p>\n<p class=\"v1MsoNormal\">Frente a esto, la diputada Daniella Cicardini afirm\u00f3 que\u201d en menos de una semana vimos c\u00f3mo el gobierno demostr\u00f3 su empe\u00f1o en sabotear los cambios que demanda la gente; primero con una ineficiencia que raya en el dolo, en lo que fue la instalaci\u00f3n de la nueva Convenci\u00f3n Constitucional, y ahora con esta burla inaceptable a los territorios y a la voluntad de la gente, expresada en la \u00faltima elecci\u00f3n, y que es adem\u00e1s una burla al inicio del proceso de descentralizaci\u00f3n que representan los nuevos gobernadores regionales\u201d.<\/p>\n<p class=\"v1MsoNormal\">\u201cYo no s\u00e9 si la derecha y el presidente quisieron darse un gustito o tener una muy mezquina venganza ante la total derrota y el fracaso en la elecci\u00f3n de gobernadores, en donde eligieron un solo gobernador en todo Chile, pero al hacerlo est\u00e1n perjudicando a las regiones como Atacama y y a su gente y al proceso de descentralizaci\u00f3n; y en lugar de comenzar a desconcentrar el poder, deciden retener poder y traspasar recursos en una figura designada a dedo en desmedro de quien eligi\u00f3 la ciudadan\u00eda\u201d, critic\u00f3 la parlamentaria.<\/p>\n<p class=\"v1MsoNormal\">\u201cHoy en lugar de estar hablando de impulsar una verdadera ley de rentas regionales y de darle un mayor impulso y m\u00e1s atribuciones y recursos a los nuevos gobernadores, Pi\u00f1era y su gobierno deciden atornillar al rev\u00e9s de la descentralizaci\u00f3n, y al rev\u00e9s de las demandas de la gente, quitando recursos a la autoridad que eligieron las y los ciudadanos. Esto es impresentable y exigiremos que se revierta,\u201da\u00f1adi\u00f3.<\/p>\n<p class=\"v1MsoNormal\">En esa l\u00ednea, la diputada Cicardini record\u00f3 que \u201cesto no es de ahora; desde hace meses este gobierno viene mostrando su peque\u00f1ez a trav\u00e9s del inter\u00e9s de minimizar a los gobernadores regionales, y su desprecio a la decisi\u00f3n de la gente; porque ni el gobierno ni el actual intendente y futuro delegado presidencial, conversaron con los trabajadores del gobierno regional ni con los candidatos a gobernador; antes de tomar la decisi\u00f3n de relegarlos a espacios reducidos e inseguros y decidir quedarse con las dependencias del edificio Pedro Le\u00f3n Gallo, que es el s\u00edmbolo hist\u00f3rico de alguien que luch\u00f3 contra el centralismo. El mundo al rev\u00e9s\u201d.<\/p>\n<p class=\"v1MsoNormal\">A ra\u00edz de lo anterior, la diputada Daniella Cicardini se\u00f1al\u00f3 que espera \u201csumar fuerzas junto a otros parlamentarios comprometidos con las regiones y la descentralizaci\u00f3n \u201c, para exigir revertir la medida, e inform\u00f3 que ya solicit\u00f3 el env\u00edo de oficios de la C\u00e1mara de Diputados y Diputadas dirigidos al ministro de Hacienda, la direcci\u00f3n de Presupuestos, y para pedir el pronunciamiento del Contralor General de la Rep\u00fablica. Asimismo inform\u00f3 que solicitar\u00e1 una sesi\u00f3n especial de la corporaci\u00f3n con la presencia del gobierno para tratar el tema.<\/p>\n","protected":false},"excerpt":{"rendered":"<p>Parlamentaria inform\u00f3 que, entre otras acciones, oficiar\u00e1 al ministerio de Hacienda, Dipres y Contralor\u00eda, y solicitar\u00e1 una sesi\u00f3n especial de la C\u00e1mara para abordar y&hellip; <\/p>\n","protected":false},"author":2,"featured_media":41688,"comment_status":"open","ping_status":"closed","sticky":false,"template":"","format":"standard","meta":{"footnotes":""},"categories":[7],"tags":[],"class_list":["post-42016","post","type-post","status-publish","format-standard","has-post-thumbnail","hentry","category-atacama"],"_links":{"self":[{"href":"https:\/\/www.radioamigavallenar.cl\/index.php?rest_route=\/wp\/v2\/posts\/42016","targetHints":{"allow":["GET"]}}],"collection":[{"href":"https:\/\/www.radioamigavallenar.cl\/index.php?rest_route=\/wp\/v2\/posts"}],"about":[{"href":"https:\/\/www.radioamigavallenar.cl\/index.php?rest_route=\/wp\/v2\/types\/post"}],"author":[{"embeddable":true,"href":"https:\/\/www.radioamigavallenar.cl\/index.php?rest_route=\/wp\/v2\/users\/2"}],"replies":[{"embeddable":true,"href":"https:\/\/www.radioamigavallenar.cl\/index.php?rest_route=%2Fwp%2Fv2%2Fcomments&post=42016"}],"version-history":[{"count":1,"href":"https:\/\/www.radioamigavallenar.cl\/index.php?rest_route=\/wp\/v2\/posts\/42016\/revisions"}],"predecessor-version":[{"id":42017,"href":"https:\/\/www.radioamigavallenar.cl\/index.php?rest_route=\/wp\/v2\/posts\/42016\/revisions\/42017"}],"wp:featuredmedia":[{"embeddable":true,"href":"https:\/\/www.radioamigavallenar.cl\/index.php?rest_route=\/wp\/v2\/media\/41688"}],"wp:attachment":[{"href":"https:\/\/www.radioamigavallenar.cl\/index.php?rest_route=%2Fwp%2Fv2%2Fmedia&parent=42016"}],"wp:term":[{"taxonomy":"category","embeddable":true,"href":"https:\/\/www.radioamigavallenar.cl\/index.php?rest_route=%2Fwp%2Fv2%2Fcategories&post=42016"},{"taxonomy":"post_tag","embeddable":true,"href":"https:\/\/www.radioamigavallenar.cl\/index.php?rest_route=%2Fwp%2Fv2%2Ftags&post=42016"}],"curies":[{"name":"wp","href":"https:\/\/api.w.org\/{rel}","templated":true}]}}