{"id":42014,"date":"2021-07-10T10:03:47","date_gmt":"2021-07-10T14:03:47","guid":{"rendered":"https:\/\/www.radioamigavallenar.cl\/?p=42014"},"modified":"2021-07-10T10:03:47","modified_gmt":"2021-07-10T14:03:47","slug":"demandan-mejoras-en-servicios-de-internet-y-telefonia-en-la-comuna-de-freirina","status":"publish","type":"post","link":"https:\/\/www.radioamigavallenar.cl\/?p=42014","title":{"rendered":"Demandan mejoras en Servicios de Internet y telefon\u00eda en la comuna de Freirina"},"content":{"rendered":"<p>El Alcalde Cesar Orellana, particip\u00f3 de una importante reuni\u00f3n con otros alcaldes y concejales de Atacama, con la finalidad de plantearle al Subsecretario de Transporte y Telecomunicaciones Francisco Moreno Guzm\u00e1n, una serie de problemas que dicen relaci\u00f3n con la calidad de los servicios de telefon\u00eda m\u00f3vil e internet en la regi\u00f3n.<\/p>\n<p>La reuni\u00f3n v\u00eda telem\u00e1tica adem\u00e1s cont\u00f3 con la participaci\u00f3n de dirigentes vecinales, que en el caso de Freirina, dieron cuenta de los problemas de conectividad en todo el territorio, de manera especial, en las zonas m\u00e1s apartadas, zona rural y costera, tanto en la se\u00f1al de telefon\u00eda como en la navegaci\u00f3n a trav\u00e9s de datos por internet, fue el principal punto planteado a la autoridad.<\/p>\n<p>\u00abHemos puesto el tema de la conectividad como una de nuestras prioridades dentro de la administraci\u00f3n municipal\u00bb, indic\u00f3 el Alcalde Orellana, \u00able\u00edamos hace unos d\u00edas atr\u00e1s una muy buena noticia de parte del CORE del Gobierno Regional de Atacama, donde se habla de 7 mil millones para dar conectividad a 48 localidades de la regi\u00f3n\u00bb.<\/p>\n<p>Cabe destacar que en el sector de Carrizalillo los problemas de conectividad son constantes, all\u00ed opera la empresa Claro, y han sido los mismos vecinos que han puesto de manifiesto al Alcalde que se ven afectados por inestabilidad del servicio. \u201cEn reuniones sostenidas con la comunidad, los vecinos nos manifiestan una serie de deficiencias en la calidad del servicio, afectando a la comunidad en las reuniones de las organizaciones sociales del sector, a las familias con las clases online y el teletrabajo, pago de cuentas y operatividad de la caja vecina, por nombrar algunos problemas\u201d, indic\u00f3 Orellana.<\/p>\n<p>En esa carta, los vecinos informan que a trav\u00e9s de la caja vecina, por ejemplo, es la \u00fanica forma que tienen de obtener dinero en efectivo. Respecto del pago de cuentas, la misiva indica que antes de la pandemia, \u201clos vecinos viajaban a Vallenar, ciudad m\u00e1s cercana para pagar cuentas, y debido a las cuarentenas y el peligro de contagio que significa viajar\u201d.<\/p>\n<p>\u201cMaitencillo y Tatara, son otros de los sectores que se han visto fuertemente afectados por la mala calidad en el servicio, tanto de telefon\u00eda como de entrega de datos, all\u00ed la situaci\u00f3n se agrava cuando se producen situaciones de emergencia, en consecuencia que en el \u00faltimo tiempo la poblaci\u00f3n ha aumentado\u201d. sostuvo Orellana.<\/p>\n<p>\u00abEn el sector de Quebradita, sector minero, donde habitan varias familias, el problema de la conectividad se presenta como una gran necesidad, por lo tanto, quiero agradecer este espacio que hemos tenido y ojal\u00e1 pronto tener buenas noticias\u00bb, puntualiz\u00f3 el Alcalde.<\/p>\n<p>Otro punto manifestado por el Alcalde hacia las autoridades de Gobierno, dicen relaci\u00f3n con las \u00faltimas emergencias que se han presentado en el territorio de Freirina, por lo que la conectividad es imperiosa.<\/p>\n<p style=\"text-align: center;\"><strong>MINISTERIO<\/strong><\/p>\n<p>Al respecto Eduardo G\u00e1lvez L\u00f3pez del \u00e1rea de fiscalizaci\u00f3n del Ministerio de Transporte y Telecomunicaciones indic\u00f3 a los presentes en la reuni\u00f3n que la amplitud y calidad de las antenas es el principal compromiso de las compa\u00f1\u00edas que prestan servicio en la regi\u00f3n, \u201ctal como lo ha se\u00f1alado el Subsecretario, vamos a levantar una mesa de trabajo con las compa\u00f1\u00edas y con las comunidades, independientemente de las fiscalizaciones que tenemos programadas para el mes de agosto\u201d puntualiz\u00f3.<\/p>\n<p>El subsecretario Francisco Moreno, dijo que respecto a la calidad del servicio, o de cobros mal hecho por parte de las compa\u00f1\u00edas, a ra\u00edz de lo planteado por los participantes de la reuni\u00f3n, existe un portal de denuncias en el siguiente link:\u00a0<a href=\"https:\/\/tramites.subtel.gob.cl\/atencionciudadana\/Inicio\" data-saferedirecturl=\"https:\/\/www.google.com\/url?q=https:\/\/tramites.subtel.gob.cl\/atencionciudadana\/Inicio&amp;source=gmail&amp;ust=1626007361599000&amp;usg=AFQjCNEaThDaImOzqaKVKngd7TRcdEBNkg\">https:\/\/tramites.subtel.gob.cl\/atencionciudadana\/Inicio<\/a>, el que est\u00e1 a disposici\u00f3n de los usuarios, como as\u00ed tambi\u00e9n que en la ley general de telecomunicaciones, est\u00e1 el art\u00edculo 27 que establece que cualquier suspensi\u00f3n, interrupci\u00f3n o alteraci\u00f3n de un servicio p\u00fablico de telecomunicaciones o internet, que sea por causa no imputable al usuario, y que exceda de 6 horas en un solo d\u00eda, tiene que ser descontada de la tarifa mensual.<\/p>\n<p>En la reuni\u00f3n, adem\u00e1s participaron dirigentes vecinales y en el caso de Freirina, fue el presidente de la junta de vecinos centro Sergio Godoy, quien pidi\u00f3 al subsecretario seguimiento de la solicitud elevada por esta unidad vecinal, respecto de los cables en desuso que existen en el centro de la comuna, y en donde existe otra ley, la 21.172, la que establece que el incumplimiento a la obligaci\u00f3n de retiro de cableado y otros elementos en desuso, ser\u00e1 sancionado con multas a beneficio municipal de 100 a 1000 UTM, de conformidad al procedimiento seguido ante los Juzgados de Polic\u00eda Local.<\/p>\n","protected":false},"excerpt":{"rendered":"<p>El Alcalde Cesar Orellana, particip\u00f3 de una importante reuni\u00f3n con otros alcaldes y concejales de Atacama, con la finalidad de plantearle al Subsecretario de Transporte&hellip; <\/p>\n","protected":false},"author":2,"featured_media":25992,"comment_status":"open","ping_status":"closed","sticky":false,"template":"","format":"standard","meta":{"footnotes":""},"categories":[7],"tags":[],"class_list":["post-42014","post","type-post","status-publish","format-standard","has-post-thumbnail","hentry","category-atacama"],"_links":{"self":[{"href":"https:\/\/www.radioamigavallenar.cl\/index.php?rest_route=\/wp\/v2\/posts\/42014","targetHints":{"allow":["GET"]}}],"collection":[{"href":"https:\/\/www.radioamigavallenar.cl\/index.php?rest_route=\/wp\/v2\/posts"}],"about":[{"href":"https:\/\/www.radioamigavallenar.cl\/index.php?rest_route=\/wp\/v2\/types\/post"}],"author":[{"embeddable":true,"href":"https:\/\/www.radioamigavallenar.cl\/index.php?rest_route=\/wp\/v2\/users\/2"}],"replies":[{"embeddable":true,"href":"https:\/\/www.radioamigavallenar.cl\/index.php?rest_route=%2Fwp%2Fv2%2Fcomments&post=42014"}],"version-history":[{"count":1,"href":"https:\/\/www.radioamigavallenar.cl\/index.php?rest_route=\/wp\/v2\/posts\/42014\/revisions"}],"predecessor-version":[{"id":42015,"href":"https:\/\/www.radioamigavallenar.cl\/index.php?rest_route=\/wp\/v2\/posts\/42014\/revisions\/42015"}],"wp:featuredmedia":[{"embeddable":true,"href":"https:\/\/www.radioamigavallenar.cl\/index.php?rest_route=\/wp\/v2\/media\/25992"}],"wp:attachment":[{"href":"https:\/\/www.radioamigavallenar.cl\/index.php?rest_route=%2Fwp%2Fv2%2Fmedia&parent=42014"}],"wp:term":[{"taxonomy":"category","embeddable":true,"href":"https:\/\/www.radioamigavallenar.cl\/index.php?rest_route=%2Fwp%2Fv2%2Fcategories&post=42014"},{"taxonomy":"post_tag","embeddable":true,"href":"https:\/\/www.radioamigavallenar.cl\/index.php?rest_route=%2Fwp%2Fv2%2Ftags&post=42014"}],"curies":[{"name":"wp","href":"https:\/\/api.w.org\/{rel}","templated":true}]}}