{"id":42011,"date":"2021-07-10T10:02:03","date_gmt":"2021-07-10T14:02:03","guid":{"rendered":"https:\/\/www.radioamigavallenar.cl\/?p=42011"},"modified":"2021-07-10T10:02:03","modified_gmt":"2021-07-10T14:02:03","slug":"atacama-cuenta-con-vacunatorio-movil-para-llegar-a-sectores-mas-alejados-de-la-region","status":"publish","type":"post","link":"https:\/\/www.radioamigavallenar.cl\/?p=42011","title":{"rendered":"Atacama cuenta con vacunatorio m\u00f3vil para llegar a sectores m\u00e1s alejados de la regi\u00f3n"},"content":{"rendered":"<p>Gracias al trabajo en conjunto entre Servicio de Salud de Atacama y Fundaci\u00f3n Desaf\u00edo Levantemos Chile se gener\u00f3 la adquisici\u00f3n de un m\u00f3vil 4\u00d74 que permitir\u00e1 potenciar los procesos de vacunaci\u00f3n Covid 19 e Influenza en la regi\u00f3n de Atacama, especialmente, en los lugares m\u00e1s apartados de las zonas urbanas.<\/p>\n<p>\u201cNos encontramos junto a Desaf\u00edo Levantemos Chile trabajando en conjunto para fortalecer el proceso de vacunaci\u00f3n en Atacama. Hemos recibido un aporte muy significativo de parte de la Fundaci\u00f3n que nos va a permitir contar con un vacunatorio m\u00f3vil que va a desplazarse por toda la regi\u00f3n, fundamentalmente en aquellos sectores rurales o distantes donde el porcentaje de vacunaci\u00f3n ha sido menor y donde tenemos el desaf\u00edo de aumentar nuestras cifras de inoculaci\u00f3n\u201d detall\u00f3 el Intendente Regional, Patricio Urquieta.<\/p>\n<p>El m\u00f3vil es de caracter\u00edsticas 4\u00d74 y contar\u00e1 con conductor exclusivo en beneficio de la comunidad. Ser\u00e1 un m\u00f3vil que permitir\u00e1 apoyar las actuales estrategias que el Servicio de Salud ha implementado para acercar los procesos de vacunaci\u00f3n Covid19 e Influenza a la comunidad y as\u00ed continuar avanzando en cobertura de acuerdo con las poblaciones objetivos. Al respecto el Director del Servicio de Salud, Claudio Baeza enfatiz\u00f3 que: \u201cEn un trabajo colaborativo con Fundaci\u00f3n Desaf\u00edo Levantemos Chile podemos disponer de este m\u00f3vil durante dos meses en la regi\u00f3n. Sabemos que Atacama cuenta con una importante dimensi\u00f3n geogr\u00e1fica por lo que gracias a este m\u00f3vil que estar\u00e1 a disposici\u00f3n de los equipos de nuestro Servicio de Salud podremos acercar la vacunaci\u00f3n a los territorios m\u00e1s alejados\u201d<\/p>\n<p>\u201cEstamos muy contentos de seguir trabajando con la regi\u00f3n de Atacama en el acercamiento de la salud. Lo que pretende este veh\u00edculo m\u00f3vil es poder acercar el proceso de vacunaci\u00f3n a los sectores rurales donde muchas veces es dif\u00edcil llegar y justamente apoyar tambi\u00e9n en ese sector a las personas que por distintos motivos no pueden dejar de lado sus negocios o actividades. Nuestro giro como Fundaci\u00f3n es ser un tremendo aporte as\u00ed que gracias por el apoyo que hemos tenido por parte de las autoridades regionales. Estamos muy contentos de que se lleve a cabo este proceso\u201d manifest\u00f3 Camilo Rozas, Director de Proyectos P\u00fablicos Desaf\u00edo Levantemos Chile.<\/p>\n<p>Importante estrategia que se complementa con nuevo Plan Paso a Paso que otorga mayores libertades a las personas vacunadas, manteniendo estrictas medidas sanitarias y de cuidado de la salud, tal como lo detall\u00f3 la primera autoridad regional, Intendente Patricio Urquieta: \u201cHoy tenemos una actualizaci\u00f3n del Plan Paso a Paso que valora la responsabilidad de vacunaci\u00f3n de las personas y por ello estamos incrementando todos nuestros esfuerzos para que ese proceso de vacunaci\u00f3n se traduzca en m\u00e1s libertad y movilidad para personas de la regi\u00f3n\u201d.<\/p>\n<p>De igual modo, se manifest\u00f3 la Seremi de Salud, Claudia Valle: \u201cdentro de los avances que se han definido en el Plan Paso a Paso est\u00e1 fuertemente incentivar la vacunaci\u00f3n y en eso quisiera agradecer la gesti\u00f3n de la Fundaci\u00f3n Desaf\u00edo Levantemos Chile por el trabajo en conjunto con el Servicio de Salud. Este m\u00f3vil permitir\u00e1 llegar a todas las zonas de la regi\u00f3n. Esto es muy importante porque necesitamos vacunar. El proceso de inoculaci\u00f3n junto con las medidas de autocuidado previene que no nos contagiemos. Cuidarnos es tarea de todos\u201d.<\/p>\n<p>Moderno m\u00f3vil que contar\u00e1 con un equipo vacunador que se desplegar\u00e1 por las comunas de Atacama previa coordinaci\u00f3n con los equipos municipales con el objetivo de optimizar tiempos y recursos en beneficio de una oportuna inmunizaci\u00f3n de la comunidad.<\/p>\n","protected":false},"excerpt":{"rendered":"<p>Gracias al trabajo en conjunto entre Servicio de Salud de Atacama y Fundaci\u00f3n Desaf\u00edo Levantemos Chile se gener\u00f3 la adquisici\u00f3n de un m\u00f3vil 4\u00d74 que&hellip; <\/p>\n","protected":false},"author":2,"featured_media":42012,"comment_status":"open","ping_status":"closed","sticky":false,"template":"","format":"standard","meta":{"footnotes":""},"categories":[7],"tags":[],"class_list":["post-42011","post","type-post","status-publish","format-standard","has-post-thumbnail","hentry","category-atacama"],"_links":{"self":[{"href":"https:\/\/www.radioamigavallenar.cl\/index.php?rest_route=\/wp\/v2\/posts\/42011","targetHints":{"allow":["GET"]}}],"collection":[{"href":"https:\/\/www.radioamigavallenar.cl\/index.php?rest_route=\/wp\/v2\/posts"}],"about":[{"href":"https:\/\/www.radioamigavallenar.cl\/index.php?rest_route=\/wp\/v2\/types\/post"}],"author":[{"embeddable":true,"href":"https:\/\/www.radioamigavallenar.cl\/index.php?rest_route=\/wp\/v2\/users\/2"}],"replies":[{"embeddable":true,"href":"https:\/\/www.radioamigavallenar.cl\/index.php?rest_route=%2Fwp%2Fv2%2Fcomments&post=42011"}],"version-history":[{"count":1,"href":"https:\/\/www.radioamigavallenar.cl\/index.php?rest_route=\/wp\/v2\/posts\/42011\/revisions"}],"predecessor-version":[{"id":42013,"href":"https:\/\/www.radioamigavallenar.cl\/index.php?rest_route=\/wp\/v2\/posts\/42011\/revisions\/42013"}],"wp:featuredmedia":[{"embeddable":true,"href":"https:\/\/www.radioamigavallenar.cl\/index.php?rest_route=\/wp\/v2\/media\/42012"}],"wp:attachment":[{"href":"https:\/\/www.radioamigavallenar.cl\/index.php?rest_route=%2Fwp%2Fv2%2Fmedia&parent=42011"}],"wp:term":[{"taxonomy":"category","embeddable":true,"href":"https:\/\/www.radioamigavallenar.cl\/index.php?rest_route=%2Fwp%2Fv2%2Fcategories&post=42011"},{"taxonomy":"post_tag","embeddable":true,"href":"https:\/\/www.radioamigavallenar.cl\/index.php?rest_route=%2Fwp%2Fv2%2Ftags&post=42011"}],"curies":[{"name":"wp","href":"https:\/\/api.w.org\/{rel}","templated":true}]}}