{"id":42009,"date":"2021-07-10T10:00:47","date_gmt":"2021-07-10T14:00:47","guid":{"rendered":"https:\/\/www.radioamigavallenar.cl\/?p=42009"},"modified":"2021-07-10T10:00:47","modified_gmt":"2021-07-10T14:00:47","slug":"provoste-tilda-matrimonio-igualitario-de-prioritario-y-anuncia-gestiones-para-acelerar-tramitacion","status":"publish","type":"post","link":"https:\/\/www.radioamigavallenar.cl\/?p=42009","title":{"rendered":"Provoste tilda matrimonio igualitario de prioritario y anuncia gestiones para acelerar tramitaci\u00f3n"},"content":{"rendered":"<p>La presidenta del Senado, Yasna\u00a0<strong>Provoste (DC), calific\u00f3 como prioritaria la aprobaci\u00f3n del matrimonio igualitario<\/strong>.<\/p>\n<p>Sumado a ello, la posible candidata presidencial de la falange\u00a0<strong>comprometi\u00f3 gestiones<\/strong>\u00a0para para que el proyecto sea despachado en breve a la C\u00e1mara.<\/p>\n<div class=\"lee-tambien-bbcl\">\n<div class=\"lee-tambien-caja\">All\u00ed, la propuesta debe sortear su\u00a0<strong>segundo tr\u00e1mite constitucional a cuatro a\u00f1os de su ingreso<\/strong>\u00a0al Parlamento.<\/div>\n<\/div>\n<p>\u201cLa mesa del Senado har\u00e1 todas las gestiones que est\u00e9n a nuestro alcance para acelerar la tramitaci\u00f3n de dicho proyecto de ley\u201d, dijo Provoste citada en un comunicado del Movilh.<\/p>\n<p>\u201cLos informes de la Comisi\u00f3n de Constituci\u00f3n, Legislaci\u00f3n y Justicia y Reglamento y de la Comisi\u00f3n de Hacienda ya dieron cuenta en la Sala del Senado y, seg\u00fan la urgencia dada por el Gobierno, el mensaje\u00a0<strong>debe estar en la tabla de sesiones de la pr\u00f3xima semana legislativa\u201d<\/strong>, a\u00f1adi\u00f3 la senadora.<\/p>\n<p><strong>\u201cPara esta presidenta el tema es prioritario<\/strong>, por lo cual en la pr\u00f3xima reuni\u00f3n de los comit\u00e9s parlamentarios, donde se definen las tablas, propondremos que la iniciativa sea despachada al segundo tr\u00e1mite a la brevedad\u201d, complement\u00f3.<\/p>\n<p>La vocera del Movilh, Daniela Andrade, valor\u00f3 \u201cel compromiso asumido por la senadora Provoste\u201d. \u201cEsperamos un triunfo en la Sala del Senado, as\u00ed como una r\u00e1pida tramitaci\u00f3n en la C\u00e1mara de Diputadas y Diputados\u201d, se\u00f1al\u00f3.<\/p>\n<p>El 3 de junio, en su \u00faltima cuenta p\u00fablica, el presidente Sebasti\u00e1n\u00a0<strong>Pi\u00f1era dio suma urgencia a la tramitaci\u00f3n<\/strong>\u00a0del proyecto, un anhelo de las fuerzas progresistas.<\/p>\n<p>Tras ello, el 29 de junio, la iniciativa fue aprobada por la Comisi\u00f3n de Constituci\u00f3n. La Comisi\u00f3n de Hacienda hizo lo propio el 6 de julio.<\/p>\n","protected":false},"excerpt":{"rendered":"<p>La presidenta del Senado, Yasna\u00a0Provoste (DC), calific\u00f3 como prioritaria la aprobaci\u00f3n del matrimonio igualitario. Sumado a ello, la posible candidata presidencial de la falange\u00a0comprometi\u00f3 gestiones\u00a0para&hellip; <\/p>\n","protected":false},"author":2,"featured_media":38681,"comment_status":"open","ping_status":"closed","sticky":false,"template":"","format":"standard","meta":{"footnotes":""},"categories":[7],"tags":[],"class_list":["post-42009","post","type-post","status-publish","format-standard","has-post-thumbnail","hentry","category-atacama"],"_links":{"self":[{"href":"https:\/\/www.radioamigavallenar.cl\/index.php?rest_route=\/wp\/v2\/posts\/42009","targetHints":{"allow":["GET"]}}],"collection":[{"href":"https:\/\/www.radioamigavallenar.cl\/index.php?rest_route=\/wp\/v2\/posts"}],"about":[{"href":"https:\/\/www.radioamigavallenar.cl\/index.php?rest_route=\/wp\/v2\/types\/post"}],"author":[{"embeddable":true,"href":"https:\/\/www.radioamigavallenar.cl\/index.php?rest_route=\/wp\/v2\/users\/2"}],"replies":[{"embeddable":true,"href":"https:\/\/www.radioamigavallenar.cl\/index.php?rest_route=%2Fwp%2Fv2%2Fcomments&post=42009"}],"version-history":[{"count":1,"href":"https:\/\/www.radioamigavallenar.cl\/index.php?rest_route=\/wp\/v2\/posts\/42009\/revisions"}],"predecessor-version":[{"id":42010,"href":"https:\/\/www.radioamigavallenar.cl\/index.php?rest_route=\/wp\/v2\/posts\/42009\/revisions\/42010"}],"wp:featuredmedia":[{"embeddable":true,"href":"https:\/\/www.radioamigavallenar.cl\/index.php?rest_route=\/wp\/v2\/media\/38681"}],"wp:attachment":[{"href":"https:\/\/www.radioamigavallenar.cl\/index.php?rest_route=%2Fwp%2Fv2%2Fmedia&parent=42009"}],"wp:term":[{"taxonomy":"category","embeddable":true,"href":"https:\/\/www.radioamigavallenar.cl\/index.php?rest_route=%2Fwp%2Fv2%2Fcategories&post=42009"},{"taxonomy":"post_tag","embeddable":true,"href":"https:\/\/www.radioamigavallenar.cl\/index.php?rest_route=%2Fwp%2Fv2%2Ftags&post=42009"}],"curies":[{"name":"wp","href":"https:\/\/api.w.org\/{rel}","templated":true}]}}