{"id":42006,"date":"2021-07-10T09:59:28","date_gmt":"2021-07-10T13:59:28","guid":{"rendered":"https:\/\/www.radioamigavallenar.cl\/?p=42006"},"modified":"2021-07-10T09:59:28","modified_gmt":"2021-07-10T13:59:28","slug":"abierto-llamado-para-mejorar-viviendas-a-traves-de-tarjeta-banco-de-materiales-del-minvu","status":"publish","type":"post","link":"https:\/\/www.radioamigavallenar.cl\/?p=42006","title":{"rendered":"Abierto llamado para mejorar viviendas a trav\u00e9s de tarjeta banco de materiales del Minvu"},"content":{"rendered":"<p>El Ministro de Vivienda y Urbanismo, Felipe Ward, anunci\u00f3 la apertura de un nuevo proceso de postulaci\u00f3n al llamado especial del subsidio Tarjeta Banco de Materiales del MINVU.<\/p>\n<p>Esta edici\u00f3n contempla una novedad, ya que a diferencia de las versiones anteriores que s\u00f3lo permit\u00edan comprar materiales para reparar techumbres y canaletas, en esta ocasi\u00f3n las familias podr\u00e1n realizar todo tipo de reparaciones, mantenciones en sus hogares y mayores montos para utilizar en mano de obra.<\/p>\n<p>Al respecto, el Ministro Ward destac\u00f3 que \u201ca trav\u00e9s de este beneficio ayudaremos a m\u00e1s de 13.500 familias en todo el pa\u00eds, para que puedan preparar sus hogares frente a la temporada de invierno. De esta manera, mejoraremos la calidad de vida de miles de familias que se adjudicar\u00e1n este subsidio y recibir\u00e1n una tarjeta de $1.187.000 aproximadamente, para poder realizar los trabajos que ellos necesiten, como reparar ventanas, puertas, cambiar el piso, entre otros. Esta giftcard podr\u00e1 ser utilizada en cualquier ferreter\u00eda que se encuentre en convenio con el Minvu, por lo que tambi\u00e9n reactiva la econom\u00eda local\u201d.<\/p>\n<p><strong>Atacama:<\/strong><\/p>\n<p>El SEREMI MINVU Atacama, Pedro R\u00edos, inform\u00f3 que hasta el 40% del monto total del beneficio puede ser utilizado para el costo de mano de obra, en caso de ser necesario, indicando que dentro del listado de materiales que se pueden adquirir se encuentran: maderas, adhesivos, sellantes, piso flotante, termopanel, grifer\u00eda, ladrillos, cer\u00e1micas, tornillos, elementos de fijaci\u00f3n met\u00e1licos, entre otros, considerando<\/p>\n<p>Por su parte, Rodrigo Maturana, resalt\u00f3 que se han dispuesto en la regi\u00f3n 11.353 UF, es decir, unos 338 millones de pesos, de manera que las familias interesadas puedan postular al beneficio.<\/p>\n<p>\u201cEs un llamado que se encuentra abierto desde el 1 de julio y cerrar\u00e1 el 30 de septiembre, por lo que queda bastante tiempo para que los interesados puedan postular. Sin embargo, es importante tener en cuenta que el ahorro solicitado debe estar depositado en la cuenta para la vivienda a m\u00e1s tardar el 31 de agosto, es decir, el \u00faltimo d\u00eda h\u00e1bil del mes anterior al cierre del llamado\u201d, subray\u00f3 el Director del SERVIU.<\/p>\n<p>Del mismo modo, la autoridad detall\u00f3 que son 12 las tiendas de la regi\u00f3n en que se pueden realizar las compras una vez obtenido el beneficio; 3 en Cha\u00f1aral, 4 en Copiap\u00f3, 1 en Diego de Almagro y 4 en Vallenar.<\/p>\n<p>Este beneficio se entregar\u00e1 en formato \u201cgiftcard\u201d con un valor de hasta 40 UF ($1.186.840) en materiales para la construcci\u00f3n y 3 UF ($88.996) para asistencia t\u00e9cnica, que se sumar\u00e1 al ahorro que se les exigir\u00e1 a los postulantes que para entrar al proceso (1 UF).<\/p>\n<p>A este subsidio pueden postular propietarios(as), asignatarios(as), c\u00f3nyuges o arrendatarios(as) del inmueble. El monto de ahorro debe ser m\u00ednimo de 1 UF en la cuenta de ahorro para la vivienda y el plazo m\u00e1ximo del dep\u00f3sito es hasta el 31 de agoso.<\/p>\n<p style=\"text-align: center;\"><strong>\u00bfC\u00f3mo se realiza la postulaci\u00f3n?<\/strong><\/p>\n<p>1. Ingresa a https:\/\/www.minvu.gob.cl\/tarjeta-de-banco-de-materiales\/<\/p>\n<p>2. Pincha el banner del llamado y escoge una Entidad Patrocinante o un Profesional de la Construcci\u00f3n de tu regi\u00f3n (Listados disponibles en la web).<\/p>\n<p>3. Comun\u00edcate con la EP o Profesional para explicar las reparaciones que requieres.<\/p>\n<p>4. Rellana el formulario que enviar\u00e1 la EP o el Profesional y adjunta fotograf\u00edas de la zona a reparar.<\/p>\n<p>5. La EP o el Profesional te postula al Serviu correspondiente a tu regi\u00f3n.<\/p>\n<p>\u00bfCu\u00e1les son los requisitos para postular?<\/p>\n<p>\u2013 Pueden postular propietarios, asignatarios, c\u00f3nyuges o arrendatarios del inmueble.<\/p>\n<p>\u2013 Debe contar con 1 UF de ahorro m\u00ednimo en la libreta de ahorro al momento de postular. Tiene plazo m\u00e1ximo de dep\u00f3sito del ahorro hasta 31 de agosto.<\/p>\n","protected":false},"excerpt":{"rendered":"<p>El Ministro de Vivienda y Urbanismo, Felipe Ward, anunci\u00f3 la apertura de un nuevo proceso de postulaci\u00f3n al llamado especial del subsidio Tarjeta Banco de&hellip; <\/p>\n","protected":false},"author":2,"featured_media":42007,"comment_status":"open","ping_status":"closed","sticky":false,"template":"","format":"standard","meta":{"footnotes":""},"categories":[7],"tags":[],"class_list":["post-42006","post","type-post","status-publish","format-standard","has-post-thumbnail","hentry","category-atacama"],"_links":{"self":[{"href":"https:\/\/www.radioamigavallenar.cl\/index.php?rest_route=\/wp\/v2\/posts\/42006","targetHints":{"allow":["GET"]}}],"collection":[{"href":"https:\/\/www.radioamigavallenar.cl\/index.php?rest_route=\/wp\/v2\/posts"}],"about":[{"href":"https:\/\/www.radioamigavallenar.cl\/index.php?rest_route=\/wp\/v2\/types\/post"}],"author":[{"embeddable":true,"href":"https:\/\/www.radioamigavallenar.cl\/index.php?rest_route=\/wp\/v2\/users\/2"}],"replies":[{"embeddable":true,"href":"https:\/\/www.radioamigavallenar.cl\/index.php?rest_route=%2Fwp%2Fv2%2Fcomments&post=42006"}],"version-history":[{"count":1,"href":"https:\/\/www.radioamigavallenar.cl\/index.php?rest_route=\/wp\/v2\/posts\/42006\/revisions"}],"predecessor-version":[{"id":42008,"href":"https:\/\/www.radioamigavallenar.cl\/index.php?rest_route=\/wp\/v2\/posts\/42006\/revisions\/42008"}],"wp:featuredmedia":[{"embeddable":true,"href":"https:\/\/www.radioamigavallenar.cl\/index.php?rest_route=\/wp\/v2\/media\/42007"}],"wp:attachment":[{"href":"https:\/\/www.radioamigavallenar.cl\/index.php?rest_route=%2Fwp%2Fv2%2Fmedia&parent=42006"}],"wp:term":[{"taxonomy":"category","embeddable":true,"href":"https:\/\/www.radioamigavallenar.cl\/index.php?rest_route=%2Fwp%2Fv2%2Fcategories&post=42006"},{"taxonomy":"post_tag","embeddable":true,"href":"https:\/\/www.radioamigavallenar.cl\/index.php?rest_route=%2Fwp%2Fv2%2Ftags&post=42006"}],"curies":[{"name":"wp","href":"https:\/\/api.w.org\/{rel}","templated":true}]}}