{"id":42002,"date":"2021-07-09T13:04:09","date_gmt":"2021-07-09T17:04:09","guid":{"rendered":"https:\/\/www.radioamigavallenar.cl\/?p=42002"},"modified":"2021-07-09T13:04:09","modified_gmt":"2021-07-09T17:04:09","slug":"gobierno-regional-entrega-11-vehiculos-de-rescate-todo-terreno-a-bomberos-de-atacama","status":"publish","type":"post","link":"https:\/\/www.radioamigavallenar.cl\/?p=42002","title":{"rendered":"Gobierno Regional entrega 11 veh\u00edculos de rescate todo terreno a Bomberos de Atacama"},"content":{"rendered":"<p>Se trata de una inversi\u00f3n de m\u00e1s de 2 mil millones de pesos financiados con el Fondo Nacional de Desarrollo Regional. En la ceremonia de entrega adem\u00e1s el Intendente Patricio Urquieta anunci\u00f3 que en los pr\u00f3ximos d\u00edas se firmar\u00e1 el convenio de mandato para la construcci\u00f3n de un nuevo cuartel de Bomberos en la comuna de Caldera.<\/p>\n<p>Ayer jueves se llev\u00f3 a cabo una importante ceremonia en el Frontis de la Intendencia Regional en donde 11 camionetas de rescate Ford 4&#215;4 se situaron para ser entregadas a los Bomberos de la Regi\u00f3n de Atacama. La ceremonia cont\u00f3 con la participaci\u00f3n del Intendente de la regi\u00f3n, Patricio Urquieta, la Diputada Sof\u00eda Cid, el Presidente Regional de los Bomberos de Atacama, Nelson Cort\u00e9s, los Consejeros Regionales e integrantes de los Bomberos de las diferentes compa\u00f1\u00edas de la regi\u00f3n.<\/p>\n<p>Al respecto, el Intendente Urquieta, manifest\u00f3 que \u201cEstamos muy contentos el d\u00eda de hoy cumpliendo un compromiso del Gobierno con Bomberos en el que estamos entregando 11 veh\u00edculos de emergencia, con una inversi\u00f3n de m\u00e1s de 2 mil millones de pesos del Gobierno Regional para poder fortalecer las capacidades de Bomberos en la Regi\u00f3n de Atacama, sobre todo considerando que tenemos una distancia y cualidades geogr\u00e1ficas que hacen exigible el contar con veh\u00edculos de esta naturaleza. Son de alta envergadura, de alta gama y sin duda fortalecen las capacidades de Bomberos para el servicio a la comunidad\u201d.<\/p>\n<p>La adquisici\u00f3n de estas camionetas tiene por objetivo mejorar la atenci\u00f3n de las emergencias en lugares de dif\u00edcil acceso que requieren unidades de especialidad de rescate vehicular de primera intervenci\u00f3n.<\/p>\n<p>Al respecto, el Presidente Regional de los Bomberos de Atacama, Nelson Cort\u00e9s, manifest\u00f3 que \u201cla verdad es que para Bomberos de Atacama principalmente es una satisfacci\u00f3n enorme llegar a la culminaci\u00f3n de este proyecto. Proyecto que, si bien es cierto, se atras\u00f3 por la pandemia hoy lo vemos cumplido y sabemos que estas m\u00e1quinas van a servir para hacer mejor nuestro servicio. Con esto se van a disminuir los tiempos de respuesta, por lo dem\u00e1s la camioneta est\u00e1 muy bien dotada, es una camioneta Ford 550, 4&#215;4 con torres de iluminaci\u00f3n y una serie de herramientas el\u00e9ctricas, hidr\u00e1ulicas, para atender cualquier emergencia. Estas van a ser distribuidas en las nueve comunas, de manera que vamos a poder atender cualquier servicio, eso nos deja muy contentos y evidentemente nuestra gratitud para las autoridades que nos apoyaron y no vacilaron en confiar en este proyecto\u201d.<\/p>\n<p>En tanto, el Consejero Regional, Fernando Ghiglino, dijo que \u201ccreo que este ha sido uno de los aportes m\u00e1s importantes que puede entregar el Gobierno y el Consejo Regional con estas camionetas todo terreno, camionetas equipadas con la \u00faltima tecnolog\u00eda para poder ser usadas en rescate. Nosotros tenemos una geograf\u00eda bastante complicada en Atacama, tenemos la alta cordillera, las dunas y tantos sectores donde la gente tiene actividades mineras, actividades tur\u00edsticas y no ten\u00edamos los recursos para poder llegar en caso de alg\u00fan accidente o alguna situaci\u00f3n compleja. Creo que esto ha venido a coronar un equipamiento importante para el Cuerpo de Bomberos de la Regi\u00f3n de Atacama que se lo merece por el esfuerzo y sacrificio que tienen estos casi 1.200 bomberos que tenemos en Atacama\u201d.<\/p>\n<p>Por su parte, el Consejero Regional, Javier Castillo se\u00f1al\u00f3 \u201cesta es una alegr\u00eda muy grande puesto que esta es la construcci\u00f3n de una pol\u00edtica p\u00fablica que nace efectivamente desde las bases, qu\u00e9 bases m\u00e1s legitimadas que Bomberos de Chile y de los Bomberos de la Regi\u00f3n de Atacama que nos plantean sus necesidades y c\u00f3mo ellos visualizan Atacama como una regi\u00f3n de riesgo, como una regi\u00f3n de cat\u00e1strofe permanente y la necesidad de tener implementaci\u00f3n para poder socorrer de buena forma estas condiciones especiales que tiene Atacama, y en ese sentido fuimos formulando en la Comisi\u00f3n de inversiones esta elaboraci\u00f3n en conjunto, la cual hizo o\u00eddo grato del Intendente y hoy d\u00eda se materializa en este entrega que nos tiene a todos tan contentos\u201d.<\/p>\n<p>Nuevo cuartel para Bomberos de Caldera<\/p>\n<p>Asimismo, en la instancia, el Intendente Patricio Urquieta anunci\u00f3 la firma del convenio y, en ese sentido, destac\u00f3 que \u201clo vamos a hacer en los pr\u00f3ximos d\u00edas para habilitar la construcci\u00f3n del nuevo cuartel de Bomberos en la comuna de Caldera que es un anhelo de Bomberos precisamente porque les permite reunir mejor sus equipos y tambi\u00e9n recibir mejor a los voluntarios que integran a esa instituci\u00f3n y, desde luego, lo m\u00e1s importante es entregarle un mejor servicio a la comunidad, m\u00e1s r\u00e1pido, con mejores condiciones, y eso sin duda es el esp\u00edritu que nos ha movido tanto en el Gobierno como en el Consejo Regional para apoyar a Bomberos de Atacama\u201d.<\/p>\n<p>Finalmente, al respecto, Don Nelson Cort\u00e9s, dijo que \u201cesa es una noticia muy grata, ya que el Cuerpo de Bomberos de Caldera hace mucho tiempo que esperaba tener este apoyo en este proyecto de poder construir un cuartel, un cuartel nuevo, as\u00ed que los calderinos quedaron felices, muy contentos\u201d.<\/p>\n","protected":false},"excerpt":{"rendered":"<p>Se trata de una inversi\u00f3n de m\u00e1s de 2 mil millones de pesos financiados con el Fondo Nacional de Desarrollo Regional. En la ceremonia de&hellip; <\/p>\n","protected":false},"author":2,"featured_media":42003,"comment_status":"open","ping_status":"closed","sticky":false,"template":"","format":"standard","meta":{"footnotes":""},"categories":[7],"tags":[],"class_list":["post-42002","post","type-post","status-publish","format-standard","has-post-thumbnail","hentry","category-atacama"],"_links":{"self":[{"href":"https:\/\/www.radioamigavallenar.cl\/index.php?rest_route=\/wp\/v2\/posts\/42002","targetHints":{"allow":["GET"]}}],"collection":[{"href":"https:\/\/www.radioamigavallenar.cl\/index.php?rest_route=\/wp\/v2\/posts"}],"about":[{"href":"https:\/\/www.radioamigavallenar.cl\/index.php?rest_route=\/wp\/v2\/types\/post"}],"author":[{"embeddable":true,"href":"https:\/\/www.radioamigavallenar.cl\/index.php?rest_route=\/wp\/v2\/users\/2"}],"replies":[{"embeddable":true,"href":"https:\/\/www.radioamigavallenar.cl\/index.php?rest_route=%2Fwp%2Fv2%2Fcomments&post=42002"}],"version-history":[{"count":1,"href":"https:\/\/www.radioamigavallenar.cl\/index.php?rest_route=\/wp\/v2\/posts\/42002\/revisions"}],"predecessor-version":[{"id":42004,"href":"https:\/\/www.radioamigavallenar.cl\/index.php?rest_route=\/wp\/v2\/posts\/42002\/revisions\/42004"}],"wp:featuredmedia":[{"embeddable":true,"href":"https:\/\/www.radioamigavallenar.cl\/index.php?rest_route=\/wp\/v2\/media\/42003"}],"wp:attachment":[{"href":"https:\/\/www.radioamigavallenar.cl\/index.php?rest_route=%2Fwp%2Fv2%2Fmedia&parent=42002"}],"wp:term":[{"taxonomy":"category","embeddable":true,"href":"https:\/\/www.radioamigavallenar.cl\/index.php?rest_route=%2Fwp%2Fv2%2Fcategories&post=42002"},{"taxonomy":"post_tag","embeddable":true,"href":"https:\/\/www.radioamigavallenar.cl\/index.php?rest_route=%2Fwp%2Fv2%2Ftags&post=42002"}],"curies":[{"name":"wp","href":"https:\/\/api.w.org\/{rel}","templated":true}]}}