{"id":41999,"date":"2021-07-09T13:02:54","date_gmt":"2021-07-09T17:02:54","guid":{"rendered":"https:\/\/www.radioamigavallenar.cl\/?p=41999"},"modified":"2021-07-09T13:02:54","modified_gmt":"2021-07-09T17:02:54","slug":"seremi-del-trabajo-hace-llamado-a-negociar-con-altura-de-miras-el-termino-de-conflicto-de-la-huelga-de-tottus-en-beneficio-de-ambas-partes","status":"publish","type":"post","link":"https:\/\/www.radioamigavallenar.cl\/?p=41999","title":{"rendered":"Seremi del Trabajo hace llamado a negociar con altura de miras el t\u00e9rmino de conflicto de la huelga de Tottus en beneficio de ambas partes"},"content":{"rendered":"<p>El Seremi del Trabajo y Previsi\u00f3n Social de Atacama, Carlos Leal Varas, se reuni\u00f3 con dirigentas del sindicato de Tottus, que se encuentran en huelga, un conflicto laboral que se ha extendido por m\u00e1s de un mes.<\/p>\n<p>&nbsp;<\/p>\n<p>En la instancia, la autoridad convers\u00f3 con las dirigentas sindicales respecto a la problem\u00e1tica, luego de lo cual hizo un encarecido llamado a las partes a conciliar sus posiciones a trav\u00e9s del dialogo y el entendimiento mutuo.<\/p>\n<p>&nbsp;<\/p>\n<p>\u201cPara nosotros como Ministerio del Trabajo y Previsi\u00f3n Social son muy importantes las relaciones laborales entre trabajadores y empleadores, sobre todo en un proceso de negociaci\u00f3n colectiva como el que est\u00e1 llevando a cabo hoy en d\u00eda el sindicato de Tottus, con su empleador, para ello es muy importante tambi\u00e9n poder sentarse a negociar con altura de miras, para tratar de resolver estos conflictos laborales y por sobre todas las cosas ver beneficios tanto para sus trabajadoras y trabajadores, como para la misma empresa. Sabemos que juntos podemos salir de todo esto, y a\u00fan m\u00e1s en tiempos de pandemia donde m\u00e1s trabajadoras y trabajadores se han visto afectados, no solamente en el \u00e1mbito de salud, sino que tambi\u00e9n econ\u00f3mico, y porque no decirlo en sus propias fuentes laborales, de esta manera, se hace un llamado de parte del Ministerio del Trabajo, sobre todo de este Seremi, a sentarse a la mesa a negociar y conciliar, con altura de miras por sobre todas las cosas, para poder resolver y destrabar estos conflictos que tienen a estos trabajadores y a esta empresa m\u00e1s de un mes en proceso de huelga\u201d, consign\u00f3 el Seremi del Trabajo de Atacama.<\/p>\n<p>Por su parte Priscilla Fern\u00e1ndez, presidenta del sindicato, expres\u00f3:<\/p>\n<p>\u201cNosotros le solicitamos a la empresa que por favor piense en sus trabajadores, que piensen que siempre han estado con ellos para que la empresa surja, as\u00ed como ellos han estado con nosotros para que surjamos, la \u00fanica manera de solucionar este tema es sentarnos a conversar, y tratar de llegar a un acuerdo que nos beneficie a los dos, eso le solicitar\u00eda a la empresa, que piense en esas mujeres que tienen que mantener a sus hijos, que piensen en los trabajadores que ayudaron durante el aluvi\u00f3n, que siempre estuvimos ah\u00ed con ellos\u201d.<\/p>\n","protected":false},"excerpt":{"rendered":"<p>El Seremi del Trabajo y Previsi\u00f3n Social de Atacama, Carlos Leal Varas, se reuni\u00f3 con dirigentas del sindicato de Tottus, que se encuentran en huelga,&hellip; <\/p>\n","protected":false},"author":2,"featured_media":42000,"comment_status":"open","ping_status":"closed","sticky":false,"template":"","format":"standard","meta":{"footnotes":""},"categories":[7],"tags":[],"class_list":["post-41999","post","type-post","status-publish","format-standard","has-post-thumbnail","hentry","category-atacama"],"_links":{"self":[{"href":"https:\/\/www.radioamigavallenar.cl\/index.php?rest_route=\/wp\/v2\/posts\/41999","targetHints":{"allow":["GET"]}}],"collection":[{"href":"https:\/\/www.radioamigavallenar.cl\/index.php?rest_route=\/wp\/v2\/posts"}],"about":[{"href":"https:\/\/www.radioamigavallenar.cl\/index.php?rest_route=\/wp\/v2\/types\/post"}],"author":[{"embeddable":true,"href":"https:\/\/www.radioamigavallenar.cl\/index.php?rest_route=\/wp\/v2\/users\/2"}],"replies":[{"embeddable":true,"href":"https:\/\/www.radioamigavallenar.cl\/index.php?rest_route=%2Fwp%2Fv2%2Fcomments&post=41999"}],"version-history":[{"count":1,"href":"https:\/\/www.radioamigavallenar.cl\/index.php?rest_route=\/wp\/v2\/posts\/41999\/revisions"}],"predecessor-version":[{"id":42001,"href":"https:\/\/www.radioamigavallenar.cl\/index.php?rest_route=\/wp\/v2\/posts\/41999\/revisions\/42001"}],"wp:featuredmedia":[{"embeddable":true,"href":"https:\/\/www.radioamigavallenar.cl\/index.php?rest_route=\/wp\/v2\/media\/42000"}],"wp:attachment":[{"href":"https:\/\/www.radioamigavallenar.cl\/index.php?rest_route=%2Fwp%2Fv2%2Fmedia&parent=41999"}],"wp:term":[{"taxonomy":"category","embeddable":true,"href":"https:\/\/www.radioamigavallenar.cl\/index.php?rest_route=%2Fwp%2Fv2%2Fcategories&post=41999"},{"taxonomy":"post_tag","embeddable":true,"href":"https:\/\/www.radioamigavallenar.cl\/index.php?rest_route=%2Fwp%2Fv2%2Ftags&post=41999"}],"curies":[{"name":"wp","href":"https:\/\/api.w.org\/{rel}","templated":true}]}}