{"id":41994,"date":"2021-07-09T11:58:58","date_gmt":"2021-07-09T15:58:58","guid":{"rendered":"https:\/\/www.radioamigavallenar.cl\/?p=41994"},"modified":"2021-07-09T11:58:58","modified_gmt":"2021-07-09T15:58:58","slug":"cobre-logra-repuntar-este-viernes-y-anota-un-incremento-semanal-de-15","status":"publish","type":"post","link":"https:\/\/www.radioamigavallenar.cl\/?p=41994","title":{"rendered":"Cobre logra repuntar este viernes y anota un incremento semanal de 1,5%"},"content":{"rendered":"<p>Luego de dos jornadas consecutivas a la baja, el commodity cerr\u00f3 su \u00faltima sesi\u00f3n con un alza de 1,87% en la Bolsa de Metales de Londres.<\/p>\n<p>La principal exportaci\u00f3n chilena concluy\u00f3 su sesi\u00f3n de este viernes con un alza de 1,87% en la Bolsa de Metales de Londres, dejando atr\u00e1s las dos jornadas consecutivas a la baja que hab\u00eda registrado.<\/p>\n<p>Y es que el cobre y otros metales industriales subieron luego de que China, el principal consumidor de materias primas, anunciara que recortar\u00e1 la cantidad de efectivo que los bancos deben mantener como reservas para impulsar la recuperaci\u00f3n econ\u00f3mica.<\/p>\n<p>El metal rojo se trans\u00f3 en US$4,28078 la libra, que se compara con los US$4,20231 del jueves. Con ello, el promedio del mes se ubic\u00f3 en US$4,26066 y el anual en US$4,13137. De este modo, el cobre anot\u00f3 un incremento semanal de 1,5% respecto a su cotizaci\u00f3n del viernes pasado.<\/p>\n<p>Los mercados financieros se han mostrado nerviosos esta semana por el temor a que un aumento en los casos de la variante del coronavirus Delta frene el crecimiento global, seg\u00fan consign\u00f3 Reuters. Junto con lo anterior, Ricardo Bustamante, jefe de estudios Trading de Capitaria, destac\u00f3 que el cobre mostr\u00f3 ligeros avances en la sesi\u00f3n de hoy, \u00aba pesar de conocerse una cifras de inflaci\u00f3n al consumidor que resultaron ligeramente inferiores a las proyecciones en China, mayor demandante del commodity\u00bb.<\/p>\n","protected":false},"excerpt":{"rendered":"<p>Luego de dos jornadas consecutivas a la baja, el commodity cerr\u00f3 su \u00faltima sesi\u00f3n con un alza de 1,87% en la Bolsa de Metales de&hellip; <\/p>\n","protected":false},"author":2,"featured_media":34281,"comment_status":"open","ping_status":"closed","sticky":false,"template":"","format":"standard","meta":{"footnotes":""},"categories":[37],"tags":[],"class_list":["post-41994","post","type-post","status-publish","format-standard","has-post-thumbnail","hentry","category-nacional"],"_links":{"self":[{"href":"https:\/\/www.radioamigavallenar.cl\/index.php?rest_route=\/wp\/v2\/posts\/41994","targetHints":{"allow":["GET"]}}],"collection":[{"href":"https:\/\/www.radioamigavallenar.cl\/index.php?rest_route=\/wp\/v2\/posts"}],"about":[{"href":"https:\/\/www.radioamigavallenar.cl\/index.php?rest_route=\/wp\/v2\/types\/post"}],"author":[{"embeddable":true,"href":"https:\/\/www.radioamigavallenar.cl\/index.php?rest_route=\/wp\/v2\/users\/2"}],"replies":[{"embeddable":true,"href":"https:\/\/www.radioamigavallenar.cl\/index.php?rest_route=%2Fwp%2Fv2%2Fcomments&post=41994"}],"version-history":[{"count":1,"href":"https:\/\/www.radioamigavallenar.cl\/index.php?rest_route=\/wp\/v2\/posts\/41994\/revisions"}],"predecessor-version":[{"id":41995,"href":"https:\/\/www.radioamigavallenar.cl\/index.php?rest_route=\/wp\/v2\/posts\/41994\/revisions\/41995"}],"wp:featuredmedia":[{"embeddable":true,"href":"https:\/\/www.radioamigavallenar.cl\/index.php?rest_route=\/wp\/v2\/media\/34281"}],"wp:attachment":[{"href":"https:\/\/www.radioamigavallenar.cl\/index.php?rest_route=%2Fwp%2Fv2%2Fmedia&parent=41994"}],"wp:term":[{"taxonomy":"category","embeddable":true,"href":"https:\/\/www.radioamigavallenar.cl\/index.php?rest_route=%2Fwp%2Fv2%2Fcategories&post=41994"},{"taxonomy":"post_tag","embeddable":true,"href":"https:\/\/www.radioamigavallenar.cl\/index.php?rest_route=%2Fwp%2Fv2%2Ftags&post=41994"}],"curies":[{"name":"wp","href":"https:\/\/api.w.org\/{rel}","templated":true}]}}