{"id":41992,"date":"2021-07-09T11:56:27","date_gmt":"2021-07-09T15:56:27","guid":{"rendered":"https:\/\/www.radioamigavallenar.cl\/?p=41992"},"modified":"2021-07-09T11:56:27","modified_gmt":"2021-07-09T15:56:27","slug":"confirman-10-nuevos-casos-de-variante-delta-en-chile","status":"publish","type":"post","link":"https:\/\/www.radioamigavallenar.cl\/?p=41992","title":{"rendered":"Confirman 10 nuevos casos de variante Delta en Chile"},"content":{"rendered":"<p>La\u00a0<strong>Seremi de Salud Metropolitana<\/strong>\u00a0inform\u00f3 que hay\u00a0<strong>10 nuevos casos de variante Delta<\/strong>\u00a0en el pa\u00eds, correspondientes a viajeros chilenos que ingresaron al pa\u00eds a trav\u00e9s del\u00a0<strong>Aeropuerto de Santiago<\/strong>\u00a0entre el 30 de junio y el 3 de julio.<\/p>\n<p>Mediante un comunicado, se report\u00f3 que cuatro de los casos son personas que proven\u00edan de\u00a0<strong>Estados Unidos, Brasil, Espa\u00f1a y M\u00e9xico<\/strong>, respectivamente.<\/p>\n<p>Todos ellos, se dijo, ven\u00edan con PCR negativo, pero al ser examinados en Chile dieron positivo, por lo que sus muestras fueron trasladadas al\u00a0<strong>Instituto de Salud P\u00fablica<\/strong>\u00a0(ISP) para realizar la respectiva secuenciaci\u00f3n gen\u00f3mica.<\/p>\n<p>\u201cEstas cuatro personas a su ingreso al pa\u00eds fueron derivados a un hotel de tr\u00e1nsito y posteriormente, al obtener el PCR positivo, trasladados a\u00a0<strong>residencias sanitarias\u00a0<\/strong>donde se encuentran cumpliendo aislamiento por 14 d\u00edas\u201d, se inform\u00f3.<\/p>\n<p>El quinto caso, en tanto, es\u00a0<strong>una menor de edad\u00a0<\/strong>que ven\u00eda desde Estados Unidos y con PCR negativo, pero que dio positivo al llegar al pa\u00eds. Por su edad, cumple aislamiento sanitario en su domicilio.<\/p>\n<p>Los otros cinco casos\u00a0<strong>pertenecen a dos grupos familiares<\/strong>\u00a0que ven\u00edan desde M\u00e9xico y con ni\u00f1os, todos ellos portando PCR negativo. En Chile, tres ni\u00f1os y dos adultos dieron positivo, cuyas muestras fueron analizadas por el ISP para confirmar el contagio con Delta.<\/p>\n<p>Los cinco contagiados,\u00a0<strong>m\u00e1s el resto de sus familias<\/strong>, cumplen cuarentena en su domicilio y con vigilancia de la seremi que instal\u00f3 personal de punto fijo en sus casas.<\/p>\n<h2 style=\"text-align: center;\">Contactos estrechos identificados<\/h2>\n<p>Seg\u00fan report\u00f3 la Seremi de Salud Metropolitana, todos los\u00a0<strong>contactos estrechos<\/strong>\u00a0de los diez nuevos casos Delta ya han sido identificados y testeados. Ellos fueron visitados en terreno y se encuentran en buenas condiciones.<\/p>\n<p>\u201cHacemos un especial llamado a todas las personas que cumplan con las medidas de aislamiento decretadas por la Autoridad Sanitaria, con el objetivo de evitar la propagaci\u00f3n de la variante Delta en el pa\u00eds. Quien infrinja el cumplimiento de cuarentena, ser\u00e1 sancionado por el C\u00f3digo Sanitario con multas que van de 0,1 a 1.000 UTM y con el bloqueo de sus\u00a0<strong>Pases de Movilidad<\/strong>\u201c, agreg\u00f3 la oficina regional.<\/p>\n<p>De esta manera, ya son\u00a0<strong>trece los casos de variante Delta en el pa\u00eds<\/strong>. Los primeros tres son una mujer que lleg\u00f3 desde Estados Unidos a San Javier y que fue formalizada por incumplir las medidas sanitarias; un hombre que volvi\u00f3 de Armenia tras estudiar en Europa; y un beb\u00e9 de San Felipe que viaj\u00f3 junto a sus padres a Estados Unidos, quienes tambi\u00e9n incumplieron la cuarentena.<\/p>\n","protected":false},"excerpt":{"rendered":"<p>La\u00a0Seremi de Salud Metropolitana\u00a0inform\u00f3 que hay\u00a010 nuevos casos de variante Delta\u00a0en el pa\u00eds, correspondientes a viajeros chilenos que ingresaron al pa\u00eds a trav\u00e9s del\u00a0Aeropuerto de&hellip; <\/p>\n","protected":false},"author":2,"featured_media":41423,"comment_status":"open","ping_status":"closed","sticky":false,"template":"","format":"standard","meta":{"footnotes":""},"categories":[37],"tags":[],"class_list":["post-41992","post","type-post","status-publish","format-standard","has-post-thumbnail","hentry","category-nacional"],"_links":{"self":[{"href":"https:\/\/www.radioamigavallenar.cl\/index.php?rest_route=\/wp\/v2\/posts\/41992","targetHints":{"allow":["GET"]}}],"collection":[{"href":"https:\/\/www.radioamigavallenar.cl\/index.php?rest_route=\/wp\/v2\/posts"}],"about":[{"href":"https:\/\/www.radioamigavallenar.cl\/index.php?rest_route=\/wp\/v2\/types\/post"}],"author":[{"embeddable":true,"href":"https:\/\/www.radioamigavallenar.cl\/index.php?rest_route=\/wp\/v2\/users\/2"}],"replies":[{"embeddable":true,"href":"https:\/\/www.radioamigavallenar.cl\/index.php?rest_route=%2Fwp%2Fv2%2Fcomments&post=41992"}],"version-history":[{"count":1,"href":"https:\/\/www.radioamigavallenar.cl\/index.php?rest_route=\/wp\/v2\/posts\/41992\/revisions"}],"predecessor-version":[{"id":41993,"href":"https:\/\/www.radioamigavallenar.cl\/index.php?rest_route=\/wp\/v2\/posts\/41992\/revisions\/41993"}],"wp:featuredmedia":[{"embeddable":true,"href":"https:\/\/www.radioamigavallenar.cl\/index.php?rest_route=\/wp\/v2\/media\/41423"}],"wp:attachment":[{"href":"https:\/\/www.radioamigavallenar.cl\/index.php?rest_route=%2Fwp%2Fv2%2Fmedia&parent=41992"}],"wp:term":[{"taxonomy":"category","embeddable":true,"href":"https:\/\/www.radioamigavallenar.cl\/index.php?rest_route=%2Fwp%2Fv2%2Fcategories&post=41992"},{"taxonomy":"post_tag","embeddable":true,"href":"https:\/\/www.radioamigavallenar.cl\/index.php?rest_route=%2Fwp%2Fv2%2Ftags&post=41992"}],"curies":[{"name":"wp","href":"https:\/\/api.w.org\/{rel}","templated":true}]}}