{"id":41989,"date":"2021-07-09T08:27:56","date_gmt":"2021-07-09T12:27:56","guid":{"rendered":"https:\/\/www.radioamigavallenar.cl\/?p=41989"},"modified":"2021-07-09T11:29:48","modified_gmt":"2021-07-09T15:29:48","slug":"nuevas-actividades-y-acciones-en-apoyo-a-pymes-marcan-consejo-regional-exportador-de-prochile","status":"publish","type":"post","link":"https:\/\/www.radioamigavallenar.cl\/?p=41989","title":{"rendered":"Nuevas actividades y acciones en apoyo a pymes marcan Consejo Regional Exportador de ProChile"},"content":{"rendered":"<p class=\"x_MsoNormal\"><span lang=\"ES\">Evento virtual organizado por la Oficina de ProChile Atacama\u00a0\u00a0en conjunto con la AREMI de Hacienda, convoc\u00f3 a emprendedores y empresas de diversos sectores econ\u00f3micos.\u00a0\u00a0\u00a0<\/span><\/p>\n<p class=\"x_MsoNormal\"><span lang=\"ES\">Con la asistencia de emprendedores, productores y asociaciones gremiales de diversos sectores econ\u00f3micos, se desarroll\u00f3 el primer Consejo Regional Exportador (CRE) 2021 Atacama, organizado por la Oficina Regional de ProChile en conjunto con la Asesora Regional Ministerial de Hacienda.\u00a0\u00a0\u00a0<\/span><\/p>\n<p class=\"x_MsoNormal\"><span lang=\"ES\">La actividad virtual, tuvo como objetivo entregar informaci\u00f3n sobre las principales acciones desarrolladas por ProChile en beneficio de productores y exportadores, adem\u00e1s de dar a conocer el plan de apoyo gubernamental para las pymes del sector exportador. \u00a0<\/span><\/p>\n<p class=\"x_MsoNormal\"><span lang=\"ES\">En su presentaci\u00f3n, la Directora de la Oficina Regional de ProChile Atacama, Claudia Pradenas, destac\u00f3 que el a\u00f1o 2020 la regi\u00f3n alcanz\u00f3 exportaciones superiores a los US$4.537 millones, ubic\u00e1ndose en el sexto lugar en el ranking de regiones exportadoras a nivel nacional. En este contexto, destac\u00f3 al sector agr\u00edcola local (segundo m\u00e1s importante luego del minero), con llegada a m\u00e1s de 50 mercados y la generaci\u00f3n de m\u00e1s 18 mil empleos al a\u00f1o.\u00a0\u00a0\u00a0<\/span><\/p>\n<p class=\"x_MsoNormal\"><span lang=\"ES\">Respecto a las acciones m\u00e1s importantes desarrolladas por ProChile los \u00faltimos meses, Pradenas record\u00f3 la Invitaci\u00f3n de Compradores Internacionales a Atacama; la e-Rueda de Negocios con Paraguay;\u00a0\u00a0el Diplomado en Comercio Exterior; la e-Misi\u00f3n Comercial a Emiratos \u00c1rabes; la e-Rueda de Negocios sector piscos Atacama y Coquimbo; y el e-Encuentro Binacional Per\u00fa-Chile; y la exitosa la Semana del Pisco en M\u00e9xico; todos eventos desarrollados en 2020.\u00a0\u00a0\u00a0<\/span><\/p>\n<p class=\"x_MsoNormal\"><span lang=\"ES\">Menci\u00f3n aparte tuvo la reciente aprobaci\u00f3n por parte del CORE Atacama de $360 millones en apoyo del gremio pisquero regional, proyecto presentado por ProChile Atacama y que recibi\u00f3 amplios comentarios de los asistentes, destacando los agradecimientos del productor Eduardo Mulet. \u00a0<\/span><\/p>\n<p class=\"x_MsoNormal\"><span lang=\"ES\">Sobre los pr\u00f3ximos eventos en beneficio de productores y exportadores, la Directora tambi\u00e9n adelant\u00f3 parte del calendario de actividades. \u201cEste 24 a 26 de agosto tendremos el ENEXPRO Miner\u00eda, al que seguir\u00e1n un ENEXPRO Innovaci\u00f3n Alimentaria y de Servicios; en septiembre nuestros productos de Atacama tendr\u00e1n un espacio de exhibici\u00f3n en la Feria World Food Mosc\u00fa; en octubre estar\u00e1n en La Semana de Atacama en Centro Am\u00e9rica; y en noviembre participaremos en la Expo Dubai 2021\u201d, agreg\u00f3.\u00a0\u00a0\u00a0\u00a0<\/span><\/p>\n<p class=\"x_MsoNormal\"><span lang=\"ES\">En este contexto, la gerente de APECO, Alejandra Narv\u00e1ez, aprovech\u00f3 de adelantar lo que ser\u00e1 el \u201cX Seminario Internacional de Uva de Mesa\u201d organizado por la Asociaci\u00f3n, a realizarse este 28\u00a0\u00a0de julio, y que en esta oportunidad contar\u00e1 nuevamente con el apoyo de ProChile. \u00a0<\/span><\/p>\n<h3 class=\"x_MsoNormal\" style=\"text-align: center;\"><span lang=\"ES\">\u00a0<\/span><b><span lang=\"ES\">Ayuda a emprendedores y pymes\u00a0\u00a0\u00a0<\/span><\/b><\/h3>\n<p class=\"x_MsoNormal\"><span lang=\"ES\">\u00a0<\/span><\/p>\n<p class=\"x_MsoNormal\"><span lang=\"ES\">En la actividad, la AREMI de Hacienda de Atacama, Mar\u00eda Soledad Lingua, tambi\u00e9n aprovech\u00f3 de dar a conocer a los emprendedores y productores de sectores agr\u00edcola, minero y de productos del mar, el inicio de las inscripciones al Bono de Alivio por $1 mill\u00f3n para micro y peque\u00f1as empresas del pa\u00eds, a trav\u00e9s del sitio web del Servicio de Impuestos Internos. \u00a0<\/span><\/p>\n<p class=\"x_MsoNormal\"><span lang=\"ES\">\u201cEl Bono de Alivio est\u00e1 destinado a pymes que hayan iniciado actividades antes del 31 de marzo de 2020, registren ingresos no superiores a las 25 mil unidades de fomento en ese mismo a\u00f1o y que cumplan al menos una de las siguientes condiciones: contar con al menos un trabajador con contrato en 2020; haber declarado ingresos por ventas al menos dos meses en 2020 o 2021, o que integren cualquiera de los 56 rubros m\u00e1s golpeados por la pandemia\u201d, explic\u00f3 Lingua.\u00a0\u00a0\u00a0<\/span><\/p>\n<p class=\"x_MsoNormal\"><span lang=\"ES\">La Aremi de Hacienda resalt\u00f3 que a partir del 16 de agosto tambi\u00e9n se podr\u00e1 solicitar el Bono Adicional Variable para aquellas pymes y mypes afectas a la pago de IVA, que recibir\u00e1n un bono adicional equivalente a tres meses del promedio del IVA del a\u00f1o 2019, con un tope de 2 millones de pesos. Adem\u00e1s, habr\u00e1 un beneficio\u00a0\u00a0de Incremento para Mujeres, incluyendo un aumento en 20% al bono de alivio y al bono adicional variable, en caso que una persona natural o la titular de empresa individual de responsabilidad limitada sea mujer.\u00a0<\/span><\/p>\n","protected":false},"excerpt":{"rendered":"<p>Evento virtual organizado por la Oficina de ProChile Atacama\u00a0\u00a0en conjunto con la AREMI de Hacienda, convoc\u00f3 a emprendedores y empresas de diversos sectores econ\u00f3micos.\u00a0\u00a0\u00a0 Con&hellip; <\/p>\n","protected":false},"author":2,"featured_media":41990,"comment_status":"open","ping_status":"closed","sticky":false,"template":"","format":"standard","meta":{"footnotes":""},"categories":[38],"tags":[],"class_list":["post-41989","post","type-post","status-publish","format-standard","has-post-thumbnail","hentry","category-portada-regional"],"_links":{"self":[{"href":"https:\/\/www.radioamigavallenar.cl\/index.php?rest_route=\/wp\/v2\/posts\/41989","targetHints":{"allow":["GET"]}}],"collection":[{"href":"https:\/\/www.radioamigavallenar.cl\/index.php?rest_route=\/wp\/v2\/posts"}],"about":[{"href":"https:\/\/www.radioamigavallenar.cl\/index.php?rest_route=\/wp\/v2\/types\/post"}],"author":[{"embeddable":true,"href":"https:\/\/www.radioamigavallenar.cl\/index.php?rest_route=\/wp\/v2\/users\/2"}],"replies":[{"embeddable":true,"href":"https:\/\/www.radioamigavallenar.cl\/index.php?rest_route=%2Fwp%2Fv2%2Fcomments&post=41989"}],"version-history":[{"count":1,"href":"https:\/\/www.radioamigavallenar.cl\/index.php?rest_route=\/wp\/v2\/posts\/41989\/revisions"}],"predecessor-version":[{"id":41991,"href":"https:\/\/www.radioamigavallenar.cl\/index.php?rest_route=\/wp\/v2\/posts\/41989\/revisions\/41991"}],"wp:featuredmedia":[{"embeddable":true,"href":"https:\/\/www.radioamigavallenar.cl\/index.php?rest_route=\/wp\/v2\/media\/41990"}],"wp:attachment":[{"href":"https:\/\/www.radioamigavallenar.cl\/index.php?rest_route=%2Fwp%2Fv2%2Fmedia&parent=41989"}],"wp:term":[{"taxonomy":"category","embeddable":true,"href":"https:\/\/www.radioamigavallenar.cl\/index.php?rest_route=%2Fwp%2Fv2%2Fcategories&post=41989"},{"taxonomy":"post_tag","embeddable":true,"href":"https:\/\/www.radioamigavallenar.cl\/index.php?rest_route=%2Fwp%2Fv2%2Ftags&post=41989"}],"curies":[{"name":"wp","href":"https:\/\/api.w.org\/{rel}","templated":true}]}}