{"id":41986,"date":"2021-07-09T07:26:36","date_gmt":"2021-07-09T11:26:36","guid":{"rendered":"https:\/\/www.radioamigavallenar.cl\/?p=41986"},"modified":"2021-07-09T11:27:27","modified_gmt":"2021-07-09T15:27:27","slug":"cantautores-del-huasco-lanzaran-sesiones-de-estudio-en-formato-album-y-video","status":"publish","type":"post","link":"https:\/\/www.radioamigavallenar.cl\/?p=41986","title":{"rendered":"Cantautores del Huasco lanzar\u00e1n sesiones de estudio en formato \u00e1lbum y video"},"content":{"rendered":"<div>\n<p class=\"x_MsoNormal\" style=\"text-align: left;\" align=\"center\"><b>Los artistas trabajan en Pimiento Estudio de Copiap\u00f3 junto a destacados m\u00fasicos y productores musicales<\/b><b><\/b><\/p>\n<\/div>\n<p class=\"x_MsoNormal\">Con el objeto de promover la identidad regional y la memoria hist\u00f3rica, adem\u00e1s de impulsar la descentralizaci\u00f3n de la actividad musical regional, cuatro cantautores de la Provincia de Huasco preparan el proyecto\u00a0<b>M\u00fasicos de Atacama &#8211; Sesiones Desde el Estudio 2\u00b0 Parte<\/b>, en conjunto con Agrupaci\u00f3n Social Cultural y Deportiva Terra y Pimiento Estudio de Grabaci\u00f3n; se trata de una serie obras originales que ser\u00e1n registradas en sesiones de estudios y publicadas en formato de \u00e1lbum y video.<\/p>\n<p class=\"x_MsoNormal\">Seg\u00fan explica el productor musical Mauro Lamas, \u201ceste proyecto busca presentar las obras de artistas que -a pesar de ser reconocidos por la comunidad- no han tenido la oportunidad de financiar la producci\u00f3n y difusi\u00f3n de su trabajo, haciendo de esta producci\u00f3n musical audiovisual el inicio de una nueva etapa en sus carreras\u201d.<\/p>\n<p class=\"x_MsoNormal\" align=\"center\"><strong>Los cantautores que participan del registro son: G\u00e9nesis Ardiles, Karen Navarro, Patricio Neira y Juan Carlos Labr\u00edn.<\/strong><\/p>\n<p class=\"x_MsoNormal\">En total ser\u00e1n ocho canciones producidas en\u00a0<b>Pimiento Estudio<\/b>\u00a0de Copiap\u00f3, junto a productores y m\u00fasicos con amplia experiencia que aportar\u00e1n valor a las obras e interpretaci\u00f3n de los compositores. Las canciones seleccionadas se grabar\u00e1n en formato semi-ac\u00fastico incorporando elementos musicales y\/o t\u00edmbricos de nuestra zona fusionados con instrumentos de corte popular, a partir de lo cual se busca conseguir un concepto actualizado de arte regional.<\/p>\n<p class=\"x_MsoNormal\"><b>M\u00fasicos de Atacama &#8211; Sesiones Desde el Estudio 2\u00b0 Parte<\/b>\u00a0<b>\u201cProvincia de Huasco\u201d\u00a0<\/b>es una iniciativa ejecutada por Agrupaci\u00f3n Social Cultural y Deportiva Terra, apoyada por el\u00a0<b>Gobierno Regional de Atacama<\/b>, a trav\u00e9s del Concurso: Actividades Culturales Proceso 2020, nacida de la preocupaci\u00f3n por promover la identidad regional y la memoria hist\u00f3rica, adem\u00e1s de impulsar la descentralizaci\u00f3n de la actividad musical regional.<\/p>\n","protected":false},"excerpt":{"rendered":"<p>Los artistas trabajan en Pimiento Estudio de Copiap\u00f3 junto a destacados m\u00fasicos y productores musicales Con el objeto de promover la identidad regional y la&hellip; <\/p>\n","protected":false},"author":2,"featured_media":41987,"comment_status":"open","ping_status":"closed","sticky":false,"template":"","format":"standard","meta":{"footnotes":""},"categories":[38],"tags":[],"class_list":["post-41986","post","type-post","status-publish","format-standard","has-post-thumbnail","hentry","category-portada-regional"],"_links":{"self":[{"href":"https:\/\/www.radioamigavallenar.cl\/index.php?rest_route=\/wp\/v2\/posts\/41986","targetHints":{"allow":["GET"]}}],"collection":[{"href":"https:\/\/www.radioamigavallenar.cl\/index.php?rest_route=\/wp\/v2\/posts"}],"about":[{"href":"https:\/\/www.radioamigavallenar.cl\/index.php?rest_route=\/wp\/v2\/types\/post"}],"author":[{"embeddable":true,"href":"https:\/\/www.radioamigavallenar.cl\/index.php?rest_route=\/wp\/v2\/users\/2"}],"replies":[{"embeddable":true,"href":"https:\/\/www.radioamigavallenar.cl\/index.php?rest_route=%2Fwp%2Fv2%2Fcomments&post=41986"}],"version-history":[{"count":1,"href":"https:\/\/www.radioamigavallenar.cl\/index.php?rest_route=\/wp\/v2\/posts\/41986\/revisions"}],"predecessor-version":[{"id":41988,"href":"https:\/\/www.radioamigavallenar.cl\/index.php?rest_route=\/wp\/v2\/posts\/41986\/revisions\/41988"}],"wp:featuredmedia":[{"embeddable":true,"href":"https:\/\/www.radioamigavallenar.cl\/index.php?rest_route=\/wp\/v2\/media\/41987"}],"wp:attachment":[{"href":"https:\/\/www.radioamigavallenar.cl\/index.php?rest_route=%2Fwp%2Fv2%2Fmedia&parent=41986"}],"wp:term":[{"taxonomy":"category","embeddable":true,"href":"https:\/\/www.radioamigavallenar.cl\/index.php?rest_route=%2Fwp%2Fv2%2Fcategories&post=41986"},{"taxonomy":"post_tag","embeddable":true,"href":"https:\/\/www.radioamigavallenar.cl\/index.php?rest_route=%2Fwp%2Fv2%2Ftags&post=41986"}],"curies":[{"name":"wp","href":"https:\/\/api.w.org\/{rel}","templated":true}]}}