{"id":41984,"date":"2021-07-09T11:25:51","date_gmt":"2021-07-09T15:25:51","guid":{"rendered":"https:\/\/www.radioamigavallenar.cl\/?p=41984"},"modified":"2021-07-09T11:59:51","modified_gmt":"2021-07-09T15:59:51","slug":"servicio-salud-atacama-informo-hoy-viernes-de-139-casos-nuevos-covid-en-la-region","status":"publish","type":"post","link":"https:\/\/www.radioamigavallenar.cl\/?p=41984","title":{"rendered":"Servicio salud Atacama informo hoy viernes de 139 casos nuevos covid en la regi\u00f3n"},"content":{"rendered":"<p>El Minsal inform\u00f3 este viernes un total de 139 casos nuevos de Covid en Atacama, vale decir nuevamente cifras al alza en la regi\u00f3n, recordar que ayer se informaron 115 casos positivos de la enfermedad. De los casos nuevos de hoy, 79 fueron casos sintom\u00e1ticos y 43 sin s\u00edntomas, tres casos informados por laboratorio y 7 detectados por ant\u00edgenos. Respecto de los activos, este viernes se informaron en Atacama 660 nuevos casos a nivel regional.<\/p>\n<p style=\"text-align: center;\"><a href=\"https:\/\/www.radioamigavallenar.cl\/wp-content\/uploads\/2021\/07\/E53b8o8WUAQCHsa.jpg\"><img loading=\"lazy\" decoding=\"async\" class=\"alignnone  wp-image-41996\" src=\"https:\/\/www.radioamigavallenar.cl\/wp-content\/uploads\/2021\/07\/E53b8o8WUAQCHsa-300x300.jpg\" alt=\"\" width=\"662\" height=\"662\" srcset=\"https:\/\/www.radioamigavallenar.cl\/wp-content\/uploads\/2021\/07\/E53b8o8WUAQCHsa-300x300.jpg 300w, https:\/\/www.radioamigavallenar.cl\/wp-content\/uploads\/2021\/07\/E53b8o8WUAQCHsa-150x150.jpg 150w, https:\/\/www.radioamigavallenar.cl\/wp-content\/uploads\/2021\/07\/E53b8o8WUAQCHsa-768x768.jpg 768w, https:\/\/www.radioamigavallenar.cl\/wp-content\/uploads\/2021\/07\/E53b8o8WUAQCHsa.jpg 1024w\" sizes=\"auto, (max-width: 662px) 100vw, 662px\" \/><\/a><\/p>\n<p>Sobre la positividad, Atacama registr\u00f3 este viernes un 7%, siendo la m\u00e1s alta a nivel nacional, junto a las regiones\u00a0 de la Araucan\u00eda y Los R\u00edos.\u00a0 En zona norte la regi\u00f3n de Atacama es la m\u00e1s alta en positividad,\u00a0 seguida de Arica y Parinacota con un 6%, Coquimbo un 5%,\u00a0 Tarapac\u00e1 un 4% y Antofagasta un 3%.<\/p>\n","protected":false},"excerpt":{"rendered":"<p>El Minsal inform\u00f3 este viernes un total de 139 casos nuevos de Covid en Atacama, vale decir nuevamente cifras al alza en la regi\u00f3n, recordar&hellip; <\/p>\n","protected":false},"author":2,"featured_media":23908,"comment_status":"open","ping_status":"closed","sticky":false,"template":"","format":"standard","meta":{"footnotes":""},"categories":[38],"tags":[],"class_list":["post-41984","post","type-post","status-publish","format-standard","has-post-thumbnail","hentry","category-portada-regional"],"_links":{"self":[{"href":"https:\/\/www.radioamigavallenar.cl\/index.php?rest_route=\/wp\/v2\/posts\/41984","targetHints":{"allow":["GET"]}}],"collection":[{"href":"https:\/\/www.radioamigavallenar.cl\/index.php?rest_route=\/wp\/v2\/posts"}],"about":[{"href":"https:\/\/www.radioamigavallenar.cl\/index.php?rest_route=\/wp\/v2\/types\/post"}],"author":[{"embeddable":true,"href":"https:\/\/www.radioamigavallenar.cl\/index.php?rest_route=\/wp\/v2\/users\/2"}],"replies":[{"embeddable":true,"href":"https:\/\/www.radioamigavallenar.cl\/index.php?rest_route=%2Fwp%2Fv2%2Fcomments&post=41984"}],"version-history":[{"count":2,"href":"https:\/\/www.radioamigavallenar.cl\/index.php?rest_route=\/wp\/v2\/posts\/41984\/revisions"}],"predecessor-version":[{"id":41997,"href":"https:\/\/www.radioamigavallenar.cl\/index.php?rest_route=\/wp\/v2\/posts\/41984\/revisions\/41997"}],"wp:featuredmedia":[{"embeddable":true,"href":"https:\/\/www.radioamigavallenar.cl\/index.php?rest_route=\/wp\/v2\/media\/23908"}],"wp:attachment":[{"href":"https:\/\/www.radioamigavallenar.cl\/index.php?rest_route=%2Fwp%2Fv2%2Fmedia&parent=41984"}],"wp:term":[{"taxonomy":"category","embeddable":true,"href":"https:\/\/www.radioamigavallenar.cl\/index.php?rest_route=%2Fwp%2Fv2%2Fcategories&post=41984"},{"taxonomy":"post_tag","embeddable":true,"href":"https:\/\/www.radioamigavallenar.cl\/index.php?rest_route=%2Fwp%2Fv2%2Ftags&post=41984"}],"curies":[{"name":"wp","href":"https:\/\/api.w.org\/{rel}","templated":true}]}}