{"id":41981,"date":"2021-07-09T11:01:35","date_gmt":"2021-07-09T15:01:35","guid":{"rendered":"https:\/\/www.radioamigavallenar.cl\/?p=41981"},"modified":"2021-07-09T11:01:35","modified_gmt":"2021-07-09T15:01:35","slug":"gobierno-recorta-presupuesto-a-gobernadores-regionales-y-lo-aumenta-para-delegados-presidenciales","status":"publish","type":"post","link":"https:\/\/www.radioamigavallenar.cl\/?p=41981","title":{"rendered":"Gobierno recorta presupuesto a gobernadores regionales y lo aumenta para delegados presidenciales"},"content":{"rendered":"<p>Quedan pocos d\u00edas para que los gobernadores regionales asuman por primera vez en la historia sus cargos, y ya enfrentan una pol\u00e9mica, luego que el Gobierno decidiera esta semana reducir sus presupuestos de aqu\u00ed a fin de a\u00f1o.<br \/>\n<strong><br \/>\nLa decisi\u00f3n se conoci\u00f3 tras emanar un decreto de la Direcci\u00f3n de Presupuestos (Dipres), donde se informaba un recorte de presupuesto a los gobernadores de aqu\u00ed a fin de a\u00f1o,<\/strong>\u00a0quit\u00e1ndole recursos tambi\u00e9n al Programa de Operaciones Complementarias.<\/p>\n<p>El decreto en cuesti\u00f3n (0962EE) del 2 de julio, indica que una reducci\u00f3n del programa de financiamiento de los Gobierno Regionales por $660 millones y una baja en el programa de Operaciones Complementarias en $755 millones.<\/p>\n<p>De esta forma, se reducir\u00e1n los presupuestos de 13 de los 15 gobiernos regionales que asumir\u00e1n el pr\u00f3ximo mi\u00e9rcoles 14 de julio: las regiones de Arica, Atacama, Coquimbo, Santiago, Valpara\u00edso, O\u00b4Higgins, Bio-Bio, Los Lagos, Ays\u00e9n, Magallanes, Los R\u00edos y La Araucan\u00eda (la \u00fanica donde hay gobernador de Chile Vamos).<\/p>\n<p>Adem\u00e1s,\u00a0<strong>el Gobierno modifica el programa de Aporte Fiscal Libre y aument\u00f3 en $1.415 millones el presupuesto del Servicio de Gobierno Interior, unidad que actualmente est\u00e1 a cargo de las Intendencias y despu\u00e9s de los delegados presidenciales.<\/strong><\/p>\n<p>Seg\u00fan denunci\u00f3 el gobernador de Antofagasta, Rciardo D\u00edaz, esta modificaci\u00f3n reduce entre 30 y 90 millones de pesos, el monto destinado a la gesti\u00f3n de las nuevas autoridades electas.<br \/>\n<strong><br \/>\n\u201cEsto significa reducir mi equipo en al menos tres profesionales, profesionales que deben estar en la calle, en el territorio levantando informaci\u00f3n,<\/strong>\u00a0comprendiendo y evidenciando los problemas de la regi\u00f3n para generar soluciones concretas y de esta forma administrar de mejor manera el presupuesto de la gobernaci\u00f3n\u201d, se\u00f1al\u00f3.<\/p>\n<p>D\u00edaz indic\u00f3 que la publicaci\u00f3n del decreto que modifica los presupuestos nunca fue notificada a las nuevas autoridades.<\/p>\n<p>\u201cNo fue siquiera advertida la decisi\u00f3n El gobierno actu\u00f3 arbitrariamente y en forma d\u00e9spota, sin intenci\u00f3n de di\u00e1logo. M\u00e1s que una determinaci\u00f3n dialogada, fue una imposici\u00f3n\u201d, explic\u00f3.<\/p>\n","protected":false},"excerpt":{"rendered":"<p>Quedan pocos d\u00edas para que los gobernadores regionales asuman por primera vez en la historia sus cargos, y ya enfrentan una pol\u00e9mica, luego que el&hellip; <\/p>\n","protected":false},"author":2,"featured_media":41982,"comment_status":"open","ping_status":"closed","sticky":false,"template":"","format":"standard","meta":{"footnotes":""},"categories":[37],"tags":[],"class_list":["post-41981","post","type-post","status-publish","format-standard","has-post-thumbnail","hentry","category-nacional"],"_links":{"self":[{"href":"https:\/\/www.radioamigavallenar.cl\/index.php?rest_route=\/wp\/v2\/posts\/41981","targetHints":{"allow":["GET"]}}],"collection":[{"href":"https:\/\/www.radioamigavallenar.cl\/index.php?rest_route=\/wp\/v2\/posts"}],"about":[{"href":"https:\/\/www.radioamigavallenar.cl\/index.php?rest_route=\/wp\/v2\/types\/post"}],"author":[{"embeddable":true,"href":"https:\/\/www.radioamigavallenar.cl\/index.php?rest_route=\/wp\/v2\/users\/2"}],"replies":[{"embeddable":true,"href":"https:\/\/www.radioamigavallenar.cl\/index.php?rest_route=%2Fwp%2Fv2%2Fcomments&post=41981"}],"version-history":[{"count":1,"href":"https:\/\/www.radioamigavallenar.cl\/index.php?rest_route=\/wp\/v2\/posts\/41981\/revisions"}],"predecessor-version":[{"id":41983,"href":"https:\/\/www.radioamigavallenar.cl\/index.php?rest_route=\/wp\/v2\/posts\/41981\/revisions\/41983"}],"wp:featuredmedia":[{"embeddable":true,"href":"https:\/\/www.radioamigavallenar.cl\/index.php?rest_route=\/wp\/v2\/media\/41982"}],"wp:attachment":[{"href":"https:\/\/www.radioamigavallenar.cl\/index.php?rest_route=%2Fwp%2Fv2%2Fmedia&parent=41981"}],"wp:term":[{"taxonomy":"category","embeddable":true,"href":"https:\/\/www.radioamigavallenar.cl\/index.php?rest_route=%2Fwp%2Fv2%2Fcategories&post=41981"},{"taxonomy":"post_tag","embeddable":true,"href":"https:\/\/www.radioamigavallenar.cl\/index.php?rest_route=%2Fwp%2Fv2%2Ftags&post=41981"}],"curies":[{"name":"wp","href":"https:\/\/api.w.org\/{rel}","templated":true}]}}