{"id":41976,"date":"2021-07-09T10:43:56","date_gmt":"2021-07-09T14:43:56","guid":{"rendered":"https:\/\/www.radioamigavallenar.cl\/?p=41976"},"modified":"2021-07-09T10:43:56","modified_gmt":"2021-07-09T14:43:56","slug":"dolar-opera-con-una-baja-en-torno-a-6-esta-manana-ante-temores-de-que-variante-delta-perjudique-la-reactivacion-economica-global","status":"publish","type":"post","link":"https:\/\/www.radioamigavallenar.cl\/?p=41976","title":{"rendered":"D\u00f3lar opera con una baja en torno a $6 esta ma\u00f1ana ante temores de que variante Delta perjudique la reactivaci\u00f3n econ\u00f3mica global"},"content":{"rendered":"<p>Los analistas advirtieron que, debido a la expansi\u00f3n de la cepa, es posible que los programas de apoyo monetario se mantengan, lo que debilitar\u00eda al billete verde.<\/p>\n<p>El d\u00f3lar opera a la baja en el mercado cambiario local, en l\u00ednea con la depreciaci\u00f3n del billete verde a nivel global y el avance del cobre. De continuar con esta tendencia, la moneda podr\u00eda incluso cortar con su racha de cuatro jornadas consecutivas con incrementos.<\/p>\n<p>A las 10:01 horas, la divisa cotiza con una baja de $6,38, en puntas de $746,74 vendedor y $746,26 comprador.<\/p>\n<p>Al respecto, Jos\u00e9 Luis Godoy, jefe de an\u00e1lisis de XTB Latam, apunt\u00f3 que \u00abes probable que veamos un tono expansivo en los miembros de la Reserva Federal (Fed) mientras el virus Delta siga generando problemas sanitarios. Mientras la variante Delta se siga expandiendo son mayores las probabilidades de que veamos un deterioro en la recuperaci\u00f3n econ\u00f3mico\u00bb. \u00abAnte este escenario es probable que los programas de apoyo monetario se mantengan por un mayor tiempo al previsto y esto debilita al billete verde a nivel global\u00bb, a\u00f1adi\u00f3.<\/p>\n<p>En materia interna, el experto se\u00f1al\u00f3 que como el IPC de junio se ubic\u00f3 por debajo de las expectativas alcanzando un 0,1%, \u00abeste dato es clave, ya que muestra un giro en los niveles inflacionarios que ven\u00edamos viendo durante los primeros meses del a\u00f1o.<\/p>\n<p>Este escenario trae consigo mayores dudas con respecto a lo que har\u00e1 el Banco Central de Chile con respecto a su pol\u00edtica monetaria en la reuni\u00f3n del pr\u00f3ximo mi\u00e9rcoles\u00bb.<\/p>\n<p>A su vez, Luis Alberto Reyes, analista de Mercados G, dijo que \u00ablos funcionarios de la Fed estimaron el mes pasado que &#8216;en general se consideraba que todav\u00eda no se hab\u00eda alcanzado&#8217; un avance sustancial en la recuperaci\u00f3n econ\u00f3mica, pero concordaron en que deb\u00edan estar listos para actuar si la inflaci\u00f3n u otros riesgos se materializan, seg\u00fan las minutas\u00bb.<\/p>\n","protected":false},"excerpt":{"rendered":"<p>Los analistas advirtieron que, debido a la expansi\u00f3n de la cepa, es posible que los programas de apoyo monetario se mantengan, lo que debilitar\u00eda al&hellip; <\/p>\n","protected":false},"author":2,"featured_media":33029,"comment_status":"open","ping_status":"closed","sticky":false,"template":"","format":"standard","meta":{"footnotes":""},"categories":[38],"tags":[],"class_list":["post-41976","post","type-post","status-publish","format-standard","has-post-thumbnail","hentry","category-portada-regional"],"_links":{"self":[{"href":"https:\/\/www.radioamigavallenar.cl\/index.php?rest_route=\/wp\/v2\/posts\/41976","targetHints":{"allow":["GET"]}}],"collection":[{"href":"https:\/\/www.radioamigavallenar.cl\/index.php?rest_route=\/wp\/v2\/posts"}],"about":[{"href":"https:\/\/www.radioamigavallenar.cl\/index.php?rest_route=\/wp\/v2\/types\/post"}],"author":[{"embeddable":true,"href":"https:\/\/www.radioamigavallenar.cl\/index.php?rest_route=\/wp\/v2\/users\/2"}],"replies":[{"embeddable":true,"href":"https:\/\/www.radioamigavallenar.cl\/index.php?rest_route=%2Fwp%2Fv2%2Fcomments&post=41976"}],"version-history":[{"count":1,"href":"https:\/\/www.radioamigavallenar.cl\/index.php?rest_route=\/wp\/v2\/posts\/41976\/revisions"}],"predecessor-version":[{"id":41977,"href":"https:\/\/www.radioamigavallenar.cl\/index.php?rest_route=\/wp\/v2\/posts\/41976\/revisions\/41977"}],"wp:featuredmedia":[{"embeddable":true,"href":"https:\/\/www.radioamigavallenar.cl\/index.php?rest_route=\/wp\/v2\/media\/33029"}],"wp:attachment":[{"href":"https:\/\/www.radioamigavallenar.cl\/index.php?rest_route=%2Fwp%2Fv2%2Fmedia&parent=41976"}],"wp:term":[{"taxonomy":"category","embeddable":true,"href":"https:\/\/www.radioamigavallenar.cl\/index.php?rest_route=%2Fwp%2Fv2%2Fcategories&post=41976"},{"taxonomy":"post_tag","embeddable":true,"href":"https:\/\/www.radioamigavallenar.cl\/index.php?rest_route=%2Fwp%2Fv2%2Ftags&post=41976"}],"curies":[{"name":"wp","href":"https:\/\/api.w.org\/{rel}","templated":true}]}}