{"id":41974,"date":"2021-07-09T10:38:39","date_gmt":"2021-07-09T14:38:39","guid":{"rendered":"https:\/\/www.radioamigavallenar.cl\/?p=41974"},"modified":"2021-07-09T10:38:39","modified_gmt":"2021-07-09T14:38:39","slug":"ministro-paris-clinica-las-condes-arriesga-perder-acceso-a-vacunas-gratuitas-tras-escandalo","status":"publish","type":"post","link":"https:\/\/www.radioamigavallenar.cl\/?p=41974","title":{"rendered":"Ministro Paris: Cl\u00ednica Las Condes arriesga perder acceso a vacunas gratuitas tras esc\u00e1ndalo"},"content":{"rendered":"<p>El ministro de Salud,\u00a0<strong>Enrique Paris<\/strong>, se\u00f1al\u00f3 que la\u00a0<strong>Cl\u00ednica Las Condes<\/strong>\u00a0arriesga perder el acceso a las\u00a0<strong>vacunas gratuitas\u00a0<\/strong>entregadas por el Estado luego del esc\u00e1ndalo protagonizado por el presidente del directorio, Alejandro Gil.<\/p>\n<p>\u00c9l, quien es esposo de la controladora del recinto Cecilia Karlezi, lleg\u00f3 el pasado s\u00e1bado hasta el vacunatorio de la cl\u00ednica y oblig\u00f3 a que se le inoculara con\u00a0<strong>una tercera dosis<\/strong>\u00a0de la vacuna contra la\u00a0<strong>covid-19<\/strong>.<\/p>\n<p>Seg\u00fan se justific\u00f3 desde el establecimiento, esto se debi\u00f3 porque el m\u00e9dico\u00a0<strong>H\u00e9ctor Ducci\u00a0<\/strong>le orden\u00f3 recibir una tercera dosis, luego que tras un examen de anticuerpos se detectara una supuesta baja respuesta inmune al virus.<\/p>\n<p>La vacunaci\u00f3n fue ingresada al sistema del Ministerio de Salud, ente que orden\u00f3 a la Seremi de Salud Metropolitana iniciar un\u00a0<strong>sumario sanitario<\/strong>\u00a0ya que a\u00fan no ha sido aprobada la inoculaci\u00f3n con una tercera dosis.<\/p>\n<p>Paris se refiri\u00f3 a esta situaci\u00f3n y se\u00f1al\u00f3 que la cl\u00ednica puede sufrir <strong>duras consecuencias\u00a0<\/strong>por lo ocurrido.<\/p>\n<p>\u201cLa cl\u00ednica tiene otro problema porque las vacunas en Chile son gratuitas. El Estado de Chile es el que compra las vacunas y las entrega a las cl\u00ednicas en convenios. Por lo tanto, si se ha cometido un error grave o una falta grave, es posible que\u00a0<strong>tengamos que poner fin a ese convenio<\/strong>\u00a0de la entrega de vacunas gratuitas\u201d, se\u00f1al\u00f3.<\/p>\n<p>Junto con ello, expres\u00f3 que \u201cpara colocarse la tercera dosis o una vacuna diferente a otros, se requiere la autorizaci\u00f3n del\u00a0<strong>Programa Nacional de Inmunizaci\u00f3n<\/strong>\u00a0y esto no se hizo correctamente. Adem\u00e1s, aparentemente se oblig\u00f3 a una persona para que lo vacune, aunque en el Registro Nacional de Inmunizaci\u00f3n \u00e9l ya aparec\u00eda con sus vacunas completas\u201d.<\/p>\n<p>Finalmente, agreg\u00f3 que no debe haber personas de primera, segunda y tercera categor\u00eda en el pa\u00eds, sobre todo en lo que respecta a la salud y al\u00a0<strong>acceso de vacunas<\/strong>.<\/p>\n","protected":false},"excerpt":{"rendered":"<p>El ministro de Salud,\u00a0Enrique Paris, se\u00f1al\u00f3 que la\u00a0Cl\u00ednica Las Condes\u00a0arriesga perder el acceso a las\u00a0vacunas gratuitas\u00a0entregadas por el Estado luego del esc\u00e1ndalo protagonizado por el&hellip; <\/p>\n","protected":false},"author":2,"featured_media":36259,"comment_status":"open","ping_status":"closed","sticky":false,"template":"","format":"standard","meta":{"footnotes":""},"categories":[37],"tags":[],"class_list":["post-41974","post","type-post","status-publish","format-standard","has-post-thumbnail","hentry","category-nacional"],"_links":{"self":[{"href":"https:\/\/www.radioamigavallenar.cl\/index.php?rest_route=\/wp\/v2\/posts\/41974","targetHints":{"allow":["GET"]}}],"collection":[{"href":"https:\/\/www.radioamigavallenar.cl\/index.php?rest_route=\/wp\/v2\/posts"}],"about":[{"href":"https:\/\/www.radioamigavallenar.cl\/index.php?rest_route=\/wp\/v2\/types\/post"}],"author":[{"embeddable":true,"href":"https:\/\/www.radioamigavallenar.cl\/index.php?rest_route=\/wp\/v2\/users\/2"}],"replies":[{"embeddable":true,"href":"https:\/\/www.radioamigavallenar.cl\/index.php?rest_route=%2Fwp%2Fv2%2Fcomments&post=41974"}],"version-history":[{"count":1,"href":"https:\/\/www.radioamigavallenar.cl\/index.php?rest_route=\/wp\/v2\/posts\/41974\/revisions"}],"predecessor-version":[{"id":41975,"href":"https:\/\/www.radioamigavallenar.cl\/index.php?rest_route=\/wp\/v2\/posts\/41974\/revisions\/41975"}],"wp:featuredmedia":[{"embeddable":true,"href":"https:\/\/www.radioamigavallenar.cl\/index.php?rest_route=\/wp\/v2\/media\/36259"}],"wp:attachment":[{"href":"https:\/\/www.radioamigavallenar.cl\/index.php?rest_route=%2Fwp%2Fv2%2Fmedia&parent=41974"}],"wp:term":[{"taxonomy":"category","embeddable":true,"href":"https:\/\/www.radioamigavallenar.cl\/index.php?rest_route=%2Fwp%2Fv2%2Fcategories&post=41974"},{"taxonomy":"post_tag","embeddable":true,"href":"https:\/\/www.radioamigavallenar.cl\/index.php?rest_route=%2Fwp%2Fv2%2Ftags&post=41974"}],"curies":[{"name":"wp","href":"https:\/\/api.w.org\/{rel}","templated":true}]}}