{"id":41971,"date":"2021-07-09T10:31:52","date_gmt":"2021-07-09T14:31:52","guid":{"rendered":"https:\/\/www.radioamigavallenar.cl\/?p=41971"},"modified":"2021-07-09T12:04:50","modified_gmt":"2021-07-09T16:04:50","slug":"junji-atacama-distribuira-en-jardines-infantiles-de-la-region-guia-para-la-inclusion-social-de-la-persona-con-la-condicion-del-espectro-autista-entregado-por-senadis","status":"publish","type":"post","link":"https:\/\/www.radioamigavallenar.cl\/?p=41971","title":{"rendered":"JUNJI Atacama entregar\u00e1 Gu\u00eda para la Inclusi\u00f3n Social de la persona con la Condici\u00f3n del Espectro Autista"},"content":{"rendered":"<p>El director regional de JUNJI, Luis Campusano Kemp, recibi\u00f3 de manos de la directora regional del Servicio Nacional de la Discapacidad Atacama, Gabriela Villanueva Fuentealba, La Gu\u00eda para la Inclusi\u00f3n Social de la persona con la Condici\u00f3n del Espectro Autista en el contexto escolar, la cual fue elaborada por la Organizaci\u00f3n Apoyo Autismo Chile, a trav\u00e9s de un proyecto FONAPI de Senadis, con el objetivo de ser difundidos por los equipos de inclusi\u00f3n en los distintos jardines de JUNJI en la regi\u00f3n.<\/p>\n<p>En la ocasi\u00f3n el director de JUNJI Atacama, Luis campusano Kemp, agradeci\u00f3 la instancia y la entrega por parte de SENADIS de esta importante gu\u00eda \u201cquiero destacar el trabajo que realiza Senadis en la regi\u00f3n y agradecer la entrega de esta gu\u00eda inclusi\u00f3n social de la persona con la condici\u00f3n del espectro autista, la cual ser\u00e1 utilizada por nuestros equipos en los jardines para apoyar el trabajo de inclusi\u00f3n que realizan a diario, y que gracias a este material ser\u00e1 potenciado a\u00fan m\u00e1s\u201d indic\u00f3.<\/p>\n<p>En tanto, la directora regional de SENADIS Atacama, Gabriela Villanueva Fuentealba, destac\u00f3 la alianza que han establecido con Junji Atacama para el trabajo en conjunto\u201d hoy nos hemos reunido con el director de Junji, para hacer entrega de este libro de la Fundaci\u00f3n de Apoyo Autismo Chile, que de una u otra manera viene a guiar sobre la inclusi\u00f3n de las personas con condici\u00f3n de espectro autista, para que pueda ser difundido por los jardines infantiles de JUNJI. Igualmente vinimos a fortalecer la alianza, que tiene que ver con el convenio que firmaremos con JUNJI, del programa de Atenci\u00f3n Temprana, que trabajar\u00e1 con ni\u00f1os en situaci\u00f3n de discapacidad y con rezago en el desarrollo\u201d finaliz\u00f3.<\/p>\n","protected":false},"excerpt":{"rendered":"<p>El director regional de JUNJI, Luis Campusano Kemp, recibi\u00f3 de manos de la directora regional del Servicio Nacional de la Discapacidad Atacama, Gabriela Villanueva Fuentealba,&hellip; <\/p>\n","protected":false},"author":2,"featured_media":41972,"comment_status":"open","ping_status":"closed","sticky":false,"template":"","format":"standard","meta":{"footnotes":""},"categories":[7],"tags":[],"class_list":["post-41971","post","type-post","status-publish","format-standard","has-post-thumbnail","hentry","category-atacama"],"_links":{"self":[{"href":"https:\/\/www.radioamigavallenar.cl\/index.php?rest_route=\/wp\/v2\/posts\/41971","targetHints":{"allow":["GET"]}}],"collection":[{"href":"https:\/\/www.radioamigavallenar.cl\/index.php?rest_route=\/wp\/v2\/posts"}],"about":[{"href":"https:\/\/www.radioamigavallenar.cl\/index.php?rest_route=\/wp\/v2\/types\/post"}],"author":[{"embeddable":true,"href":"https:\/\/www.radioamigavallenar.cl\/index.php?rest_route=\/wp\/v2\/users\/2"}],"replies":[{"embeddable":true,"href":"https:\/\/www.radioamigavallenar.cl\/index.php?rest_route=%2Fwp%2Fv2%2Fcomments&post=41971"}],"version-history":[{"count":2,"href":"https:\/\/www.radioamigavallenar.cl\/index.php?rest_route=\/wp\/v2\/posts\/41971\/revisions"}],"predecessor-version":[{"id":41998,"href":"https:\/\/www.radioamigavallenar.cl\/index.php?rest_route=\/wp\/v2\/posts\/41971\/revisions\/41998"}],"wp:featuredmedia":[{"embeddable":true,"href":"https:\/\/www.radioamigavallenar.cl\/index.php?rest_route=\/wp\/v2\/media\/41972"}],"wp:attachment":[{"href":"https:\/\/www.radioamigavallenar.cl\/index.php?rest_route=%2Fwp%2Fv2%2Fmedia&parent=41971"}],"wp:term":[{"taxonomy":"category","embeddable":true,"href":"https:\/\/www.radioamigavallenar.cl\/index.php?rest_route=%2Fwp%2Fv2%2Fcategories&post=41971"},{"taxonomy":"post_tag","embeddable":true,"href":"https:\/\/www.radioamigavallenar.cl\/index.php?rest_route=%2Fwp%2Fv2%2Ftags&post=41971"}],"curies":[{"name":"wp","href":"https:\/\/api.w.org\/{rel}","templated":true}]}}