{"id":41969,"date":"2021-07-09T10:30:32","date_gmt":"2021-07-09T14:30:32","guid":{"rendered":"https:\/\/www.radioamigavallenar.cl\/?p=41969"},"modified":"2021-07-09T10:30:32","modified_gmt":"2021-07-09T14:30:32","slug":"toque-de-queda-diferenciado-atacama-no-cumple-criterio-del-80-por-ciento-de-poblacion-vacunada","status":"publish","type":"post","link":"https:\/\/www.radioamigavallenar.cl\/?p=41969","title":{"rendered":"Toque de queda diferenciado: Atacama no cumple criterio del 80 por ciento de poblaci\u00f3n vacunada"},"content":{"rendered":"<p>Solo dos regiones del pa\u00eds cumplen con criterio del nuevo Plan Paso a Paso del Gobierno.<\/p>\n<p>Ayer el Gobierno anunci\u00f3 una serie de\u00a0<strong>cambios en el plan Paso a Paso<\/strong>, los que\u00a0<strong>contemplan mayores libertades para quienes est\u00e1n con su esquema de vacunaci\u00f3n completo.<\/strong><\/p>\n<p>Un ejemplo de ello es que los aforo para reuniones del tipo social y en viviendas particulares, aumenta cuando todos cuentan con sus vacunas y, por ende, con el Pase de Movilidad.<\/p>\n<p>Pero tambi\u00e9n se anunci\u00f3 una modificaci\u00f3n en el\u00a0<strong>toque de queda, el que tendr\u00e1 dos horarios. El primero ser\u00e1 de 22:00 a 05:00 horas, mientras que el segundo de 00:00 a 05:00 horas.<\/strong><\/p>\n<p>Adem\u00e1s, su implementaci\u00f3n ya no ser\u00e1 a nivel nacional, sino que regional. En este punto, el\u00a0<strong>ministro del Interior, Rodrigo Delgado<\/strong>, explic\u00f3 que aquellas\u00a0<strong>regiones que tengan el 80% de su poblaci\u00f3n objetivo vacunada con dos dosis y que posean una tasa de incidencia de 150 o menos<\/strong>, tendr\u00e1n la restricci\u00f3n de movilidad nocturna m\u00e1s acotada.<\/p>\n<p>De acuerdo a ello y solo tomando en cuenta el criterio del porcentaje de vacunaci\u00f3n de la poblaci\u00f3n, solo cuatro regiones del pa\u00eds podr\u00edan iniciar el toque de queda a las 00:00 horas.<\/p>\n<p>Dicha medida comenzar\u00e1 a regir a partir del pr\u00f3ximo jueves 15 de julio.<\/p>\n<p>Entre los datos destaca que las regiones Metropolitana, Arica y Parinacota, Antofagasta y Tarapac\u00e1 son las \u00fanicas que a\u00fan no alcanzan al 70%, mientras Magallanes y Ays\u00e9n lideran las cifras a nivel nacional, superando con un buen margen el 80%.<\/p>\n<h2>Revisa el porcentaje de vacunados por regi\u00f3n<\/h2>\n<p>-Arica y Parinacota: 67%<\/p>\n<p>-Tarapac\u00e1: 67%<\/p>\n<p>-Antofagasta: 69%<\/p>\n<p><strong>-Atacama: 75%<\/strong><\/p>\n<p>-Coquimbo: 74%<\/p>\n<p>-Valpara\u00edso: 78%<\/p>\n<p>-Metropolitana: 68%<\/p>\n<p>-O\u2019Higgins: 80%<\/p>\n<p>-Maule: 79%<\/p>\n<p>-\u00d1uble: 82%<\/p>\n<p>-Biob\u00edo: 76%<\/p>\n<p>-Araucan\u00eda: 77%<\/p>\n<p>-Los R\u00edos: 77%<\/p>\n<p>-Los Lagos: 76%<\/p>\n<p><strong>-Ays\u00e9n: 85%<\/strong><\/p>\n<p><strong>-Magallanes: 88%<\/strong><\/p>\n","protected":false},"excerpt":{"rendered":"<p>Solo dos regiones del pa\u00eds cumplen con criterio del nuevo Plan Paso a Paso del Gobierno. Ayer el Gobierno anunci\u00f3 una serie de\u00a0cambios en el&hellip; <\/p>\n","protected":false},"author":2,"featured_media":39768,"comment_status":"open","ping_status":"closed","sticky":false,"template":"","format":"standard","meta":{"footnotes":""},"categories":[7],"tags":[],"class_list":["post-41969","post","type-post","status-publish","format-standard","has-post-thumbnail","hentry","category-atacama"],"_links":{"self":[{"href":"https:\/\/www.radioamigavallenar.cl\/index.php?rest_route=\/wp\/v2\/posts\/41969","targetHints":{"allow":["GET"]}}],"collection":[{"href":"https:\/\/www.radioamigavallenar.cl\/index.php?rest_route=\/wp\/v2\/posts"}],"about":[{"href":"https:\/\/www.radioamigavallenar.cl\/index.php?rest_route=\/wp\/v2\/types\/post"}],"author":[{"embeddable":true,"href":"https:\/\/www.radioamigavallenar.cl\/index.php?rest_route=\/wp\/v2\/users\/2"}],"replies":[{"embeddable":true,"href":"https:\/\/www.radioamigavallenar.cl\/index.php?rest_route=%2Fwp%2Fv2%2Fcomments&post=41969"}],"version-history":[{"count":1,"href":"https:\/\/www.radioamigavallenar.cl\/index.php?rest_route=\/wp\/v2\/posts\/41969\/revisions"}],"predecessor-version":[{"id":41970,"href":"https:\/\/www.radioamigavallenar.cl\/index.php?rest_route=\/wp\/v2\/posts\/41969\/revisions\/41970"}],"wp:featuredmedia":[{"embeddable":true,"href":"https:\/\/www.radioamigavallenar.cl\/index.php?rest_route=\/wp\/v2\/media\/39768"}],"wp:attachment":[{"href":"https:\/\/www.radioamigavallenar.cl\/index.php?rest_route=%2Fwp%2Fv2%2Fmedia&parent=41969"}],"wp:term":[{"taxonomy":"category","embeddable":true,"href":"https:\/\/www.radioamigavallenar.cl\/index.php?rest_route=%2Fwp%2Fv2%2Fcategories&post=41969"},{"taxonomy":"post_tag","embeddable":true,"href":"https:\/\/www.radioamigavallenar.cl\/index.php?rest_route=%2Fwp%2Fv2%2Ftags&post=41969"}],"curies":[{"name":"wp","href":"https:\/\/api.w.org\/{rel}","templated":true}]}}