{"id":41966,"date":"2021-07-09T08:42:19","date_gmt":"2021-07-09T12:42:19","guid":{"rendered":"https:\/\/www.radioamigavallenar.cl\/?p=41966"},"modified":"2021-07-09T08:42:19","modified_gmt":"2021-07-09T12:42:19","slug":"director-servicio-de-saluda-atacama-y-municipios-analizan-evolucion-y-situaciones-por-covid-19-en-la-region","status":"publish","type":"post","link":"https:\/\/www.radioamigavallenar.cl\/?p=41966","title":{"rendered":"Director servicio de saluda atacama y municipios analizan evoluci\u00f3n y situaciones por covid-19 en la regi\u00f3n"},"content":{"rendered":"<p>\u201cEn encuentro telem\u00e1tico, la autoridad regional, present\u00f3 informe de la situaci\u00f3n actual a ediles comunales\u201d<\/p>\n<p>La Asociaci\u00f3n Regional de Municipios de Atacama ARMA, junto al Director Claudio Baeza Avello, desarrollaron una importante reuni\u00f3n, que permiti\u00f3 conocer en profundidad la evoluci\u00f3n de la pandemia en las comunas de Atacama, donde se destac\u00f3 el avance en la cobertura por vacunaciones, donde \u201clas comunas de Copiap\u00f3, Huasco y Alto del Carmen, presentan los menores registros, hecho que preocupa al servicio\u201d, destac\u00f3 Baeza.<\/p>\n<p>El director del Servicio de Salud, a su vez, manifest\u00f3 su preocupaci\u00f3n por la baja convocatoria que ha tenido la campa\u00f1a de vacunaci\u00f3n contra la influenza, donde solo la comuna de Cha\u00f1aral ha respondido con un alto porcentaje respecto al resto de las comunas, por ello pidi\u00f3 a los participantes que estimulen la asistencia a los centros de vacunaci\u00f3n.<\/p>\n<p>Baeza tambi\u00e9n inform\u00f3 que se viene un nuevo refuerzo econ\u00f3mico para la Atenci\u00f3n Primaria de Salud APS, que para la regi\u00f3n asciende a $1.900.000.000,<\/p>\n<p>Por su parte, los municipios solicitar\u00e1n formalmente al servicio de salud, que se puedan realizar test de ant\u00edgeno para detectar covid en menor tiempo, donde Caldera y Vallenar destacan por ser las comunas que m\u00e1s testeos han realizado, lo que contribuye a minimizar los tiempos de espera y as\u00ed se act\u00faa de manera m\u00e1s diligente, para atender los casos que resulten positivos.<\/p>\n<p>Desde la Municipalidad de Tierra Amarilla, se denunci\u00f3 la mala actitud de empresas, que han colmado con gente los centros de vacunaci\u00f3n, \u201cdonde llegan buses repletos de trabajadores, sin medidas de distanciamiento y poniendo en riesgo a la poblaci\u00f3n local, ya que la mayor\u00eda son personas provenientes de otras regiones, adem\u00e1s que agotan r\u00e1pidamente el stock de vacunas disponibles\u201d. Se\u00f1al\u00f3 la alcaldesa subrogante Angelina Cuello, quien particip\u00f3 en representaci\u00f3n de este municipio.<\/p>\n<p>El alcalde de Alto del Carmen Cristian Olivares, manifest\u00f3 su disponibilidad a colaborar para que el avance en la vacunaci\u00f3n sea m\u00e1s efectivo, ya que por la alta cantidad de localidades alejadas, que existen en su comuna, esto dificulta el normal desarrollo de este proceso, adem\u00e1s, aprovech\u00f3 la oportunidad para coordinar la visita del Director Baeza, quien se desplazar\u00e1 a dicha comuna para entregar en terreno los alcances e informaci\u00f3n al respecto.<\/p>\n<p>Por su parte los representantes de los municipios de Huasco y Vallenar, informaron que se est\u00e1n realizando campa\u00f1as informativas y de concientizaci\u00f3n, que permitan a la comunidad motivar su participaci\u00f3n en estas campa\u00f1as de vacunaci\u00f3n contra el covid y la influenza.<\/p>\n<p>Finalmente, los municipios participantes, a trav\u00e9s de las palabras de la alcaldesa de Caldera Brunilda Gonz\u00e1lez, agradecieron al Director del Servicio por la informaci\u00f3n proporcionada y por la disponibilidad permanente que ha tenido esta autoridad para trabajar con los municipios desde siempre en esta y las dem\u00e1s tem\u00e1ticas de salud p\u00fablica.<\/p>\n","protected":false},"excerpt":{"rendered":"<p>\u201cEn encuentro telem\u00e1tico, la autoridad regional, present\u00f3 informe de la situaci\u00f3n actual a ediles comunales\u201d La Asociaci\u00f3n Regional de Municipios de Atacama ARMA, junto al&hellip; <\/p>\n","protected":false},"author":2,"featured_media":41967,"comment_status":"open","ping_status":"closed","sticky":false,"template":"","format":"standard","meta":{"footnotes":""},"categories":[7],"tags":[],"class_list":["post-41966","post","type-post","status-publish","format-standard","has-post-thumbnail","hentry","category-atacama"],"_links":{"self":[{"href":"https:\/\/www.radioamigavallenar.cl\/index.php?rest_route=\/wp\/v2\/posts\/41966","targetHints":{"allow":["GET"]}}],"collection":[{"href":"https:\/\/www.radioamigavallenar.cl\/index.php?rest_route=\/wp\/v2\/posts"}],"about":[{"href":"https:\/\/www.radioamigavallenar.cl\/index.php?rest_route=\/wp\/v2\/types\/post"}],"author":[{"embeddable":true,"href":"https:\/\/www.radioamigavallenar.cl\/index.php?rest_route=\/wp\/v2\/users\/2"}],"replies":[{"embeddable":true,"href":"https:\/\/www.radioamigavallenar.cl\/index.php?rest_route=%2Fwp%2Fv2%2Fcomments&post=41966"}],"version-history":[{"count":1,"href":"https:\/\/www.radioamigavallenar.cl\/index.php?rest_route=\/wp\/v2\/posts\/41966\/revisions"}],"predecessor-version":[{"id":41968,"href":"https:\/\/www.radioamigavallenar.cl\/index.php?rest_route=\/wp\/v2\/posts\/41966\/revisions\/41968"}],"wp:featuredmedia":[{"embeddable":true,"href":"https:\/\/www.radioamigavallenar.cl\/index.php?rest_route=\/wp\/v2\/media\/41967"}],"wp:attachment":[{"href":"https:\/\/www.radioamigavallenar.cl\/index.php?rest_route=%2Fwp%2Fv2%2Fmedia&parent=41966"}],"wp:term":[{"taxonomy":"category","embeddable":true,"href":"https:\/\/www.radioamigavallenar.cl\/index.php?rest_route=%2Fwp%2Fv2%2Fcategories&post=41966"},{"taxonomy":"post_tag","embeddable":true,"href":"https:\/\/www.radioamigavallenar.cl\/index.php?rest_route=%2Fwp%2Fv2%2Ftags&post=41966"}],"curies":[{"name":"wp","href":"https:\/\/api.w.org\/{rel}","templated":true}]}}