{"id":41961,"date":"2021-07-09T06:00:57","date_gmt":"2021-07-09T10:00:57","guid":{"rendered":"https:\/\/www.radioamigavallenar.cl\/?p=41961"},"modified":"2021-07-08T20:51:47","modified_gmt":"2021-07-09T00:51:47","slug":"vocero-guillermo-zurita-detallo-y-explico-requisitos-y-como-postular-al-ife-universal-de-julio-y-al-bono-pyme","status":"publish","type":"post","link":"https:\/\/www.radioamigavallenar.cl\/?p=41961","title":{"rendered":"Vocero Guillermo Zurita detall\u00f3 y explic\u00f3 requisitos y c\u00f3mo postular al IFE Universal de julio y al Bono Pyme"},"content":{"rendered":"<p class=\"x_gmail-MsoNoSpacing\"><i><span lang=\"ES\">La autoridad afirm\u00f3 que \u201cmuchas y muchos a\u00fan tienen dudas, por eso, es nuestro deber orientar con responsabilidad a nuestros ciudadanos y compatriotas\u201d.<\/span><\/i><\/p>\n<p class=\"x_gmail-MsoNoSpacing\"><span lang=\"ES\">Con el objetivo de precisar la metodolog\u00eda de postulaci\u00f3n a<\/span>l\u00a0<span lang=\"ES\">Bono Alivio Pyme, equivalente a $1.000.000 y, a la inscripci\u00f3n del IFE universal de este mes, el Vocero regional Guillermo Zurita Barraza realiz\u00f3 una descripci\u00f3n p\u00fablica de ambos beneficios en la regi\u00f3n de Atacama.\u00a0<\/span><\/p>\n<p class=\"x_gmail-MsoNoSpacing\"><span lang=\"ES\">Respecto al Bono Pyme, el abogado oriundo de Copiap\u00f3 afirm\u00f3 que \u201da partir del pasado\u00a0<\/span>viernes 2 de julio y hasta el lunes 2 de agosto, los micro y medianos empresarios podr\u00e1n inscribirse en el sitio web del Servicio de Impuestos Internos (<a href=\"http:\/\/www.sii.cl\/\" target=\"_blank\" rel=\"noopener noreferrer\" data-auth=\"NotApplicable\" data-linkindex=\"0\">www.sii.cl<\/a>) para recibir el dep\u00f3sito directo a sus cuentas en un plazo m\u00e1ximo de veinte d\u00edas desde la aprobaci\u00f3n de la solicitud. Fue un compromiso y estamos trabajando para cumplir con la palabra empe\u00f1ada. Esto es un logro de todos y todas\u201d.<\/p>\n<p class=\"x_gmail-MsoNoSpacing\"><span lang=\"ES\">\u201cEste apoyo, por cierto, directo al bolsillo, beneficiar\u00e1 a cerca de 820.000 Mypes y en la regi\u00f3n de Atacama particularmente a m\u00e1s de 14 mil micro y peque\u00f1as empresas. Este bono es para pymes (personas naturales o jur\u00eddicas) que hayan iniciado actividades antes del 31 de marzo de 2020, registren ingresos no superiores a las 25 mil unidades de fomento en ese mismo a\u00f1o y que cumplan al menos una de las siguientes condiciones: contar con al menos un trabajador con contrato en 2020; haber declarado ingresos por ventas al menos dos meses en 2020 o 2021, o que integren cualquiera de los 56 rubros m\u00e1s golpeados por la pandemia. Es importante que al momento de querer postular, se lea y analice lo que solicita la p\u00e1gina web\u201d, agreg\u00f3 Zurita Barraza.<\/span><\/p>\n<p class=\"x_gmail-MsoNoSpacing\"><span lang=\"ES\">Por otra parte, el IFE universal ya lleg\u00f3 a 6.8 millones de hogares, alcanzando una cobertura del 96% del Registro Social de Hogares (RSH). Se trata de una transferencia directa a los hogares que se han visto afectados por la pandemia y que se encuentren dentro del 100% del RSH.<\/span><\/p>\n<p class=\"x_gmail-MsoNoSpacing\"><span lang=\"ES\">En este marco, el Vocero regional de Gobierno argument\u00f3 que \u201ceste jueves efectivamente\u00a0 inici\u00f3 el plazo para inscribirse al IFE Universal (julio 2021), que busca apoyar a m\u00e1s de 16 millones de personas. Quienes ya lo reciben, no deben volver a inscribirse. Los montos del beneficio ser\u00e1n los mismos de junio, por ejemplo, para un hogar de una persona, el monto a recibir ser\u00e1 de $177.000; en el caso de un hogar de 2 personas el monto llegar\u00e1 a $287.000; para un hogar de 3 el monto llegar\u00e1 a $400.000. Una familia de 4 personas recibir\u00e1 $500.000\u201d.<\/span><\/p>\n<p class=\"x_gmail-MsoNoSpacing\"><span lang=\"ES\">El \u00fanico requisito es estar inscrito en el Registro Social de Hogares, incluyendo hasta el 100 % seg\u00fan la Calificaci\u00f3n Socioecon\u00f3mica.<\/span><\/p>\n<p class=\"x_gmail-MsoNoSpacing\"><span lang=\"ES\">\u201cEs importante destacar que para el caso de los hogares que est\u00e9n entre el 91% y el 100%, \u00e9stos deber\u00e1n entregar una declaraci\u00f3n de ingresos, que indique que el hogar que realiza la solicitud no sobrepasa el umbral definido que es de $800.000 l\u00edquidos por integrante. El IFE Universal aumenta los montos por integrante del hogar y la cobertura, llegando al 100% del Registro Social de Hogares, lo que permitir\u00e1 que 8 millones de hogares puedan recibir este beneficio durante junio, julio, agosto y un 50% en septiembre. Inscr\u00edbete en la p\u00e1gina web:\u00a0<\/span><a href=\"https:\/\/www.ingresodeemergencia.cl\/\" target=\"_blank\" rel=\"noopener noreferrer\" data-auth=\"NotApplicable\" data-linkindex=\"1\"><span lang=\"ES\">https:\/\/www.ingresodeemergencia.cl\/<\/span><\/a><span lang=\"ES\">\u201d, concluy\u00f3 Guillermo Zurita Barraza.\u00a0<\/span><\/p>\n","protected":false},"excerpt":{"rendered":"<p>La autoridad afirm\u00f3 que \u201cmuchas y muchos a\u00fan tienen dudas, por eso, es nuestro deber orientar con responsabilidad a nuestros ciudadanos y compatriotas\u201d. Con el&hellip; <\/p>\n","protected":false},"author":2,"featured_media":40388,"comment_status":"open","ping_status":"closed","sticky":false,"template":"","format":"standard","meta":{"footnotes":""},"categories":[7],"tags":[],"class_list":["post-41961","post","type-post","status-publish","format-standard","has-post-thumbnail","hentry","category-atacama"],"_links":{"self":[{"href":"https:\/\/www.radioamigavallenar.cl\/index.php?rest_route=\/wp\/v2\/posts\/41961","targetHints":{"allow":["GET"]}}],"collection":[{"href":"https:\/\/www.radioamigavallenar.cl\/index.php?rest_route=\/wp\/v2\/posts"}],"about":[{"href":"https:\/\/www.radioamigavallenar.cl\/index.php?rest_route=\/wp\/v2\/types\/post"}],"author":[{"embeddable":true,"href":"https:\/\/www.radioamigavallenar.cl\/index.php?rest_route=\/wp\/v2\/users\/2"}],"replies":[{"embeddable":true,"href":"https:\/\/www.radioamigavallenar.cl\/index.php?rest_route=%2Fwp%2Fv2%2Fcomments&post=41961"}],"version-history":[{"count":1,"href":"https:\/\/www.radioamigavallenar.cl\/index.php?rest_route=\/wp\/v2\/posts\/41961\/revisions"}],"predecessor-version":[{"id":41962,"href":"https:\/\/www.radioamigavallenar.cl\/index.php?rest_route=\/wp\/v2\/posts\/41961\/revisions\/41962"}],"wp:featuredmedia":[{"embeddable":true,"href":"https:\/\/www.radioamigavallenar.cl\/index.php?rest_route=\/wp\/v2\/media\/40388"}],"wp:attachment":[{"href":"https:\/\/www.radioamigavallenar.cl\/index.php?rest_route=%2Fwp%2Fv2%2Fmedia&parent=41961"}],"wp:term":[{"taxonomy":"category","embeddable":true,"href":"https:\/\/www.radioamigavallenar.cl\/index.php?rest_route=%2Fwp%2Fv2%2Fcategories&post=41961"},{"taxonomy":"post_tag","embeddable":true,"href":"https:\/\/www.radioamigavallenar.cl\/index.php?rest_route=%2Fwp%2Fv2%2Ftags&post=41961"}],"curies":[{"name":"wp","href":"https:\/\/api.w.org\/{rel}","templated":true}]}}