{"id":41950,"date":"2021-07-09T06:00:53","date_gmt":"2021-07-09T10:00:53","guid":{"rendered":"https:\/\/www.radioamigavallenar.cl\/?p=41950"},"modified":"2021-07-08T20:41:05","modified_gmt":"2021-07-09T00:41:05","slug":"senador-prohens-pide-a-hacienda-evaluar-seguro-covid-para-empleados-publicos","status":"publish","type":"post","link":"https:\/\/www.radioamigavallenar.cl\/?p=41950","title":{"rendered":"Senador Prohens pide a Hacienda evaluar seguro Covid para empleados p\u00fablicos"},"content":{"rendered":"<p>Hasta Teatinos 120 lleg\u00f3 el parlamentario por Atacama, Rafael Prohens, para solicitarle al ministro de Hacienda, Rodrigo Cerda y al subsecretario Alejandro Weber, evaluar la inclusi\u00f3n de empleados p\u00fablicos al Seguro Covid, iniciativa que ya es ley. Se trata de un total de 486 mil funcionarios que no tendr\u00e1n acceso a este beneficio que significa para el Estado un costo de $3 mil millones de pesos.<\/p>\n<p>\u201cSabemos que la motivaci\u00f3n detr\u00e1s de esta iniciativa es dar seguridad y tranquilidad a los trabajadores del sector privado que se deben reintegrar a sus funciones, pero la verdad, es que no podemos dejar fuera a qui\u00e9nes tambi\u00e9n tendr\u00e1n que retomar sus funciones y cuidarse del Covid\u201d, dijo Prohens y agreg\u00f3 que los trabajadores del sector p\u00fablico merecen un seguro por parte de su empleador, es decir, del Estado, puesto que corren el mismo riesgo.<\/p>\n<p>En la misma l\u00ednea, el senador explic\u00f3 que espera que el gobierno incorpore a los trabajadores que pertenecen a funcionarios del Gobierno Central, funcionarios del Senado y de la C\u00e1mara de Diputados y empleados municipales. \u201cNo podemos obligar al privado a dar seguro a sus empleados y el Estado dejar a los suyos de lado, creo que la ley no puede discriminar respecto a sus trabajadores\u201d, enfatiz\u00f3 Prohens.<\/p>\n<p>Por otro lado, le entreg\u00f3 al ministro de Hacienda Rodrigo Cerda, un cuadro comparativo donde explica que si se le paga a cada trabajador un seguro de $7.200 pesos, es un gasto menor respecto al gran esfuerzo que ha realizado el gobierno en esta pandemia. Y agreg\u00f3 que \u201cestoy claro que una pol\u00edtica p\u00fablica y decisi\u00f3n c\u00f3mo est\u00e1 requiere gasto fiscal y en consecuencia es atribuci\u00f3n exclusiva del Ejecutivo y del Presidente Pi\u00f1era, es por eso que hemos concurrido a qui\u00e9n maneja las finanzas de La Moneda para ver las posibilidades\u201d, se\u00f1al\u00f3 Prohens.<\/p>\n<p>Finalmente, el legislador agradeci\u00f3 la disposici\u00f3n del ministro y el subsecretario, y agreg\u00f3 que espera que desde el Ejecutivo se impulse un nuevo proyecto de ley que incluya a los funcionarios p\u00fablicos en este seguro, que contribuir\u00e1 con la tranquilidad de todos los trabajadores sin distinci\u00f3n.<\/p>\n","protected":false},"excerpt":{"rendered":"<p>Hasta Teatinos 120 lleg\u00f3 el parlamentario por Atacama, Rafael Prohens, para solicitarle al ministro de Hacienda, Rodrigo Cerda y al subsecretario Alejandro Weber, evaluar la&hellip; <\/p>\n","protected":false},"author":2,"featured_media":41951,"comment_status":"open","ping_status":"closed","sticky":false,"template":"","format":"standard","meta":{"footnotes":""},"categories":[7],"tags":[],"class_list":["post-41950","post","type-post","status-publish","format-standard","has-post-thumbnail","hentry","category-atacama"],"_links":{"self":[{"href":"https:\/\/www.radioamigavallenar.cl\/index.php?rest_route=\/wp\/v2\/posts\/41950","targetHints":{"allow":["GET"]}}],"collection":[{"href":"https:\/\/www.radioamigavallenar.cl\/index.php?rest_route=\/wp\/v2\/posts"}],"about":[{"href":"https:\/\/www.radioamigavallenar.cl\/index.php?rest_route=\/wp\/v2\/types\/post"}],"author":[{"embeddable":true,"href":"https:\/\/www.radioamigavallenar.cl\/index.php?rest_route=\/wp\/v2\/users\/2"}],"replies":[{"embeddable":true,"href":"https:\/\/www.radioamigavallenar.cl\/index.php?rest_route=%2Fwp%2Fv2%2Fcomments&post=41950"}],"version-history":[{"count":1,"href":"https:\/\/www.radioamigavallenar.cl\/index.php?rest_route=\/wp\/v2\/posts\/41950\/revisions"}],"predecessor-version":[{"id":41952,"href":"https:\/\/www.radioamigavallenar.cl\/index.php?rest_route=\/wp\/v2\/posts\/41950\/revisions\/41952"}],"wp:featuredmedia":[{"embeddable":true,"href":"https:\/\/www.radioamigavallenar.cl\/index.php?rest_route=\/wp\/v2\/media\/41951"}],"wp:attachment":[{"href":"https:\/\/www.radioamigavallenar.cl\/index.php?rest_route=%2Fwp%2Fv2%2Fmedia&parent=41950"}],"wp:term":[{"taxonomy":"category","embeddable":true,"href":"https:\/\/www.radioamigavallenar.cl\/index.php?rest_route=%2Fwp%2Fv2%2Fcategories&post=41950"},{"taxonomy":"post_tag","embeddable":true,"href":"https:\/\/www.radioamigavallenar.cl\/index.php?rest_route=%2Fwp%2Fv2%2Ftags&post=41950"}],"curies":[{"name":"wp","href":"https:\/\/api.w.org\/{rel}","templated":true}]}}