{"id":4143,"date":"2017-03-06T11:45:25","date_gmt":"2017-03-06T14:45:25","guid":{"rendered":"http:\/\/www.radioamigavallenar.cl\/?p=4143"},"modified":"2017-03-06T11:45:25","modified_gmt":"2017-03-06T14:45:25","slug":"mop-visito-la-comuna-de-alto-del-carmen-para-constatar-estado-de-los-trabajos-de-emergencia-y-reconstruccion","status":"publish","type":"post","link":"https:\/\/www.radioamigavallenar.cl\/?p=4143","title":{"rendered":"MOP visit\u00f3 la comuna de Alto del Carmen para constatar estado de los trabajos de Emergencia y Reconstrucci\u00f3n"},"content":{"rendered":"<p style=\"text-align: justify;\"><a href=\"http:\/\/www.radioamigavallenar.cl\/wp-content\/uploads\/2017\/03\/MOP-1.jpg\"><img loading=\"lazy\" decoding=\"async\" class=\" size-medium wp-image-4144 aligncenter\" src=\"http:\/\/www.radioamigavallenar.cl\/wp-content\/uploads\/2017\/03\/MOP-1-300x225.jpg\" alt=\"MOP (1)\" width=\"300\" height=\"225\" srcset=\"https:\/\/www.radioamigavallenar.cl\/wp-content\/uploads\/2017\/03\/MOP-1-300x225.jpg 300w, https:\/\/www.radioamigavallenar.cl\/wp-content\/uploads\/2017\/03\/MOP-1.jpg 700w\" sizes=\"auto, (max-width: 300px) 100vw, 300px\" \/><\/a><\/p>\n<p style=\"text-align: justify;\">Con la misi\u00f3n de constatar en terreno el avance de las obras de Emergencia y Reconstrucci\u00f3n producto de\u00a0 los aluviones ocurridos el mes pasado, y las recientes precipitaciones que generaron algunas bajadas de quebradas, el Seremi (s) de Obras P\u00fablicas Victor Herrera, junto al Jefe Provincial de Vialidad Jorge Gutierrez realizaron visitas inspectivas a las localidades de Chollay,\u00a0 Pachuy\u00a0 y sus alrededores en la comuna de Alto de Carmen.<\/p>\n<p style=\"text-align: justify;\">Seg\u00fan el diagn\u00f3stico del MOP, en la provincia de Huasco el efecto del aluvi\u00f3n se concentr\u00f3 en el valle de El Tr\u00e1nsito, espec\u00edficamente en el valle de Chollay, donde caus\u00f3 numerosos cortes en la ruta C-495 que une Alto del Carmen con Junta Valeriano en el valle de El Tr\u00e1nsito y en la ruta C-501. En este sector, los da\u00f1os causados por este aluvi\u00f3n superaron ampliamente los efectos del aluvi\u00f3n del 2015 en la localidad.<\/p>\n<p style=\"text-align: justify;\">La agenda fue diversa, en primera instancia se reunieron con el Concejo Comunal de Alto de Carmen, presidido por su Alcaldesa Carmen Bou, en donde los participantes \u00a0quedaron muy conformes con el actuar que est\u00e1n realizando \u00a0las Direcciones de Vialidad y de Obras Hidr\u00e1ulicas en las zonas afectadas.<\/p>\n<p style=\"text-align: justify;\">As\u00ed mismo, el Seremi (s), V\u00edctor Herrera, inform\u00f3, que \u201cs\u00f3lo por emergencia en la provincia de Huasco donde los efectos fueron m\u00e1s destructivos, principalmente en la comuna de Alto del Carmen ya se alcanz\u00f3 un costo superior a $ 500 millones de pesos\u201d. Adem\u00e1s, se\u00f1al\u00f3, \u201cla reconstrucci\u00f3n se est\u00e1 concentrando en reponer puentes, pasarelas y badenes que fueron destruidos, adem\u00e1s de obras de protecci\u00f3n de la ribera del r\u00edo Chollay y El Tr\u00e1nsito. Ah\u00ed, trabajaremos en ensanchar el cauce del R\u00edo Chollay para proteger sus riberas levantando pretiles y enrocados, para dar mayor capacidad de conducci\u00f3n del r\u00edo. Asimismo, en el r\u00edo El Tr\u00e1nsito estamos realizando ensanchamientos, rectificaciones y pretiles altos del cauce en el sector de Los Tambos\u201d.<\/p>\n<p style=\"text-align: justify;\">Por lo mismo, finalizada la reuni\u00f3n, el Seremi (s) junto al Jefe Provincial de Vialidad inspeccionaron en terreno la reposici\u00f3n del puente El Olivo (\u00cdcaro), ubicado en el Sector El Olivo, el cual fue destruido por el aluvi\u00f3n, y reconstruido en el mismo sector\u00a0 con materiales reciclados por la propia Direcci\u00f3n de Vialidad, con la finalidad de que los productores de uva del sector no contin\u00faen vi\u00e9ndose afectados y puedan recuperarse lo antes posible.<\/p>\n<p style=\"text-align: justify;\">Por su parte el Jefe Provincial de Vialidad, Jorge Gutierrez, se\u00f1al\u00f3 \u201cdespu\u00e9s de un trabajo exhaustivo podemos informar que en el sector de El Parral, se reestableci\u00f3 el tr\u00e1nsito en la ruta C-495, en el km 45, que fue afectada el pasado 28 de febrero donde se despejo el camino y se encauso el agua por obra de arte existente, mientras que en el Bad\u00e9n de Los Tambos y a consecuencia de la crecida del 28 F, los tubos del bad\u00e9n se taparon con sedimentos y material vegetal, raz\u00f3n por la cual se realizaron trabajos de<\/p>\n<p style=\"text-align: justify;\">destape por medio de excavadora. En el sector de Conay, hubo derrumbe de roca, lo que produjo un estrangulamiento\u00a0 en la ruta producto del rodado, y se realiz\u00f3 el despeje de la ruta C-495, en el km 48\u201d.<\/p>\n<p style=\"text-align: justify;\"><strong>DETALLE DE OBRAS REALIZADAS<\/strong><\/p>\n<p style=\"text-align: justify;\"><strong><span style=\"text-decoration: underline;\">Punta Negra<\/span><\/strong><\/p>\n<p style=\"text-align: justify;\">Se trabaja en la readecuaci\u00f3n de vigas met\u00e1licas para la habilitaci\u00f3n de puente de emergencia con materiales provenientes de desarme de Puente Nicolasa, (los trabajos se realizan en terreno en la localidad de la Pampa).<\/p>\n<p style=\"text-align: justify;\">\u00a0<strong><span style=\"text-decoration: underline;\">Quebrada de La Plata<\/span><\/strong><\/p>\n<p style=\"text-align: justify;\">Se ordena la demolici\u00f3n del caj\u00f3n de 3x3m (obra de arte) seriamente da\u00f1ado por la crecida de quebrada, el que se encuentra completamente obstruido por rocas de gran tama\u00f1o. Consecuencia del evento del 28 de febrero 2017 la condici\u00f3n respecto de la crecida del 21 de enero 2017 empeor\u00f3 obstruy\u00e9ndose a\u00fan m\u00e1s la quebrada. El viernes 03 de marzo visitar\u00e1 la zona un especialista para posteriormente realizar la demolici\u00f3n de caj\u00f3n y despeje de la quebrada, a fin de permitir el libre escurrimiento del agua ante eventuales crecidas.<\/p>\n<p style=\"text-align: justify;\">\u00a0<strong><span style=\"text-decoration: underline;\">La Pampa<\/span><\/strong><\/p>\n<p style=\"text-align: justify;\">Se encuentran terminados los trabajos de encause y construcci\u00f3n de enrocados como mesa de apoyo para recibir la superestructura. Las vigas trasladadas del Paipote se encuentran en preparaci\u00f3n en maestranza para su montaje.<\/p>\n<p style=\"text-align: justify;\">\u00a0<strong><span style=\"text-decoration: underline;\">Camino Colpe<\/span><\/strong><\/p>\n<p style=\"text-align: justify;\">Se han programado los trabajos de recuperaci\u00f3n del camino que va por la rivera norte el cual fue destru\u00eddo en el evento del 21 de enero, estos trabajos se iniciar\u00e1n a continuaci\u00f3n del despeje de tubos del Bad\u00e9n de Los Tambos.<\/p>\n<p style=\"text-align: justify;\">\u00a0<strong><span style=\"text-decoration: underline;\">Ruta C-495 \u2013 Tramo Conay \u2013 Junta Valeriano (Km. 50,000 al 68,00)<\/span><\/strong><\/p>\n<p style=\"text-align: justify;\">Se realiza operaci\u00f3n reperfilado simple y ensanche de diversos sectores afectos por rodados y crecidas de quebradas que dificultaba el normal tr\u00e1nsito de la locomoci\u00f3n colectiva. Para su o logro se utiliza excavadora, retroexcavadora, cami\u00f3n tolva y motoniveladora.<\/p>\n<p style=\"text-align: justify;\">\u00a0<strong><span style=\"text-decoration: underline;\">Camino Pachuy<\/span><\/strong><\/p>\n<p style=\"text-align: justify;\">Se encuentra en ejecuci\u00f3n el despeje y ensanche en sectores puntuales, en la actualidad se encuentra una excavadora realizando ensanche en zona rocosa llegando a un avance aproximado de un 50% del total para la ruta.<\/p>\n<p style=\"text-align: justify;\">Finalmente el Seremi (s), V\u00edctor Herrera se\u00f1al\u00f3, que \u201cfaltar\u00eda reactivar la conectividad en la Quebrada El Canuto ya que dada la magnitud de los da\u00f1os (28 de febrero) es necesario actuar en coordinaci\u00f3n con la Direcci\u00f3n de Obras Hidr\u00e1ulicas, debido a que se requieren trabajos en materia de encausamiento del r\u00edo\u201d.<\/p>\n<p style=\"text-align: justify;\">\n<p>&nbsp;<\/p>\n","protected":false},"excerpt":{"rendered":"<p>Con la misi\u00f3n de constatar en terreno el avance de las obras de Emergencia y Reconstrucci\u00f3n producto de\u00a0 los aluviones ocurridos el mes pasado, y&hellip; <\/p>\n","protected":false},"author":2,"featured_media":4145,"comment_status":"open","ping_status":"closed","sticky":false,"template":"","format":"standard","meta":{"footnotes":""},"categories":[7],"tags":[],"class_list":["post-4143","post","type-post","status-publish","format-standard","has-post-thumbnail","hentry","category-atacama"],"_links":{"self":[{"href":"https:\/\/www.radioamigavallenar.cl\/index.php?rest_route=\/wp\/v2\/posts\/4143","targetHints":{"allow":["GET"]}}],"collection":[{"href":"https:\/\/www.radioamigavallenar.cl\/index.php?rest_route=\/wp\/v2\/posts"}],"about":[{"href":"https:\/\/www.radioamigavallenar.cl\/index.php?rest_route=\/wp\/v2\/types\/post"}],"author":[{"embeddable":true,"href":"https:\/\/www.radioamigavallenar.cl\/index.php?rest_route=\/wp\/v2\/users\/2"}],"replies":[{"embeddable":true,"href":"https:\/\/www.radioamigavallenar.cl\/index.php?rest_route=%2Fwp%2Fv2%2Fcomments&post=4143"}],"version-history":[{"count":0,"href":"https:\/\/www.radioamigavallenar.cl\/index.php?rest_route=\/wp\/v2\/posts\/4143\/revisions"}],"wp:featuredmedia":[{"embeddable":true,"href":"https:\/\/www.radioamigavallenar.cl\/index.php?rest_route=\/wp\/v2\/media\/4145"}],"wp:attachment":[{"href":"https:\/\/www.radioamigavallenar.cl\/index.php?rest_route=%2Fwp%2Fv2%2Fmedia&parent=4143"}],"wp:term":[{"taxonomy":"category","embeddable":true,"href":"https:\/\/www.radioamigavallenar.cl\/index.php?rest_route=%2Fwp%2Fv2%2Fcategories&post=4143"},{"taxonomy":"post_tag","embeddable":true,"href":"https:\/\/www.radioamigavallenar.cl\/index.php?rest_route=%2Fwp%2Fv2%2Ftags&post=4143"}],"curies":[{"name":"wp","href":"https:\/\/api.w.org\/{rel}","templated":true}]}}