{"id":4034,"date":"2017-02-20T13:47:04","date_gmt":"2017-02-20T16:47:04","guid":{"rendered":"http:\/\/www.radioamigavallenar.cl\/?p=4034"},"modified":"2017-02-20T13:47:04","modified_gmt":"2017-02-20T16:47:04","slug":"deportes-melipilla-derroto-a-vallenar-por-la-cuenta-minima-en-el-roberto-bravo","status":"publish","type":"post","link":"https:\/\/www.radioamigavallenar.cl\/?p=4034","title":{"rendered":"Deportes Melipilla derrot\u00f3 a Vallenar por la cuenta m\u00ednima en el \u00abRoberto Bravo\u00bb"},"content":{"rendered":"<p style=\"text-align: justify;\"><a href=\"http:\/\/www.radioamigavallenar.cl\/wp-content\/uploads\/2017\/02\/MELIPILLA.jpg\"><img loading=\"lazy\" decoding=\"async\" class=\" size-medium wp-image-4035 aligncenter\" src=\"http:\/\/www.radioamigavallenar.cl\/wp-content\/uploads\/2017\/02\/MELIPILLA-300x200.jpg\" alt=\"MELIPILLA\" width=\"300\" height=\"200\" srcset=\"https:\/\/www.radioamigavallenar.cl\/wp-content\/uploads\/2017\/02\/MELIPILLA-300x200.jpg 300w, https:\/\/www.radioamigavallenar.cl\/wp-content\/uploads\/2017\/02\/MELIPILLA.jpg 700w\" sizes=\"auto, (max-width: 300px) 100vw, 300px\" \/><\/a><\/p>\n<p style=\"text-align: justify;\">Deportes Melipilla recibi\u00f3 este s\u00e1bado en el estadio Roberto Bravo a Deportes Vallenar, todo en el marco de la novena fecha, en su fase zonal, del Campeonato Segunda Divisi\u00f3n 2016-2017.<\/p>\n<p style=\"text-align: justify;\">La \u00fanica cifra del compromiso lleg\u00f3 a los 25 minutos de juego gracias a Mauro L\u00f3pez, cimentando as\u00ed la victoria del due\u00f1o de casa por la cuenta m\u00ednima. Junto a ello, ambos elencos sufrieron la expulsi\u00f3n un jugador en los 64&#8242;.<\/p>\n<p style=\"text-align: justify;\">Con este resultado, Deportes Melipilla alcanza las 37 unidades quedan a tan s\u00f3lo un punto del l\u00edder Barnechea. En tanto, Deportes Vallenar contin\u00faa con sus 10 puntos en el \u00faltimo puesto de la tabla.<\/p>\n<p style=\"text-align: justify;\"><strong>FICHA T\u00c9CNICA<\/strong><br \/>\n<strong>Hora: 18:00<\/strong><br \/>\n<strong>Estadio: Roberto Bravo<\/strong><br \/>\n<strong>\u00c1rbitro: Mat\u00edas Quila<\/strong><\/p>\n<p style=\"text-align: justify;\">Deportes Melipilla (1): Boris P\u00e9rez, Miguel Sanhueza, Gonzalo Lauler, Elson Guzm\u00e1n, Mauro Lopes (85&#8242; Walter Jorquera), Alejandro V\u00e1squez (68&#8242; Fabrizzio C\u00f3rtes), Christian Mart\u00ednez, Gustavo Arancibia, Ricardo Fuenzalida, Ignacio Ram\u00edrez (70&#8242; Francisco Levip\u00e1n), An\u00edbal Carvallo. DT: Carlos Encina<\/p>\n<p style=\"text-align: justify;\">Deportes Vallenar (0): Carlos Julio, Adolfo Arteaga, Juan Mu\u00f1oz (68&#8242; Felipe Araya), Roberto Mu\u00f1oz, Pablo Sanhueza (46&#8242; Jos\u00e9 Riquero), Michael L\u00f3pez, Juan Toloza, Ernesto Rojas, Milton Guti\u00e9rrez (46&#8242; Francisco Araya), Diego Cuellar, Cristopher V\u00e1squez. DT: Francisco Michea.<\/p>\n<p style=\"text-align: justify;\"><strong>Goles: 1-0, 25&#8242; Mauro Lopes<\/strong><\/p>\n<p style=\"text-align: justify;\">Expulsados: 64&#8242; Miguel Sanhueza;64&#8242; Michael L\u00f3pez.<\/p>\n","protected":false},"excerpt":{"rendered":"<p>Deportes Melipilla recibi\u00f3 este s\u00e1bado en el estadio Roberto Bravo a Deportes Vallenar, todo en el marco de la novena fecha, en su fase zonal,&hellip; <\/p>\n","protected":false},"author":2,"featured_media":4035,"comment_status":"open","ping_status":"closed","sticky":false,"template":"","format":"standard","meta":{"footnotes":""},"categories":[8],"tags":[],"class_list":["post-4034","post","type-post","status-publish","format-standard","has-post-thumbnail","hentry","category-deportes"],"_links":{"self":[{"href":"https:\/\/www.radioamigavallenar.cl\/index.php?rest_route=\/wp\/v2\/posts\/4034","targetHints":{"allow":["GET"]}}],"collection":[{"href":"https:\/\/www.radioamigavallenar.cl\/index.php?rest_route=\/wp\/v2\/posts"}],"about":[{"href":"https:\/\/www.radioamigavallenar.cl\/index.php?rest_route=\/wp\/v2\/types\/post"}],"author":[{"embeddable":true,"href":"https:\/\/www.radioamigavallenar.cl\/index.php?rest_route=\/wp\/v2\/users\/2"}],"replies":[{"embeddable":true,"href":"https:\/\/www.radioamigavallenar.cl\/index.php?rest_route=%2Fwp%2Fv2%2Fcomments&post=4034"}],"version-history":[{"count":0,"href":"https:\/\/www.radioamigavallenar.cl\/index.php?rest_route=\/wp\/v2\/posts\/4034\/revisions"}],"wp:featuredmedia":[{"embeddable":true,"href":"https:\/\/www.radioamigavallenar.cl\/index.php?rest_route=\/wp\/v2\/media\/4035"}],"wp:attachment":[{"href":"https:\/\/www.radioamigavallenar.cl\/index.php?rest_route=%2Fwp%2Fv2%2Fmedia&parent=4034"}],"wp:term":[{"taxonomy":"category","embeddable":true,"href":"https:\/\/www.radioamigavallenar.cl\/index.php?rest_route=%2Fwp%2Fv2%2Fcategories&post=4034"},{"taxonomy":"post_tag","embeddable":true,"href":"https:\/\/www.radioamigavallenar.cl\/index.php?rest_route=%2Fwp%2Fv2%2Ftags&post=4034"}],"curies":[{"name":"wp","href":"https:\/\/api.w.org\/{rel}","templated":true}]}}