{"id":4031,"date":"2017-02-20T13:34:03","date_gmt":"2017-02-20T16:34:03","guid":{"rendered":"http:\/\/www.radioamigavallenar.cl\/?p=4031"},"modified":"2017-02-20T13:34:03","modified_gmt":"2017-02-20T16:34:03","slug":"ninos-y-ninas-del-barrio-union-castilla-y-leon-se-refrescaron-con-la-fiesta-de-la-chaya-en-vallenar","status":"publish","type":"post","link":"https:\/\/www.radioamigavallenar.cl\/?p=4031","title":{"rendered":"Ni\u00f1os y ni\u00f1as del Barrio Uni\u00f3n Castilla y Le\u00f3n se refrescaron con la Fiesta de la Chaya en Vallenar"},"content":{"rendered":"<p style=\"text-align: justify;\"><a href=\"http:\/\/www.radioamigavallenar.cl\/wp-content\/uploads\/2017\/02\/Fiesta-de-la-Chaya-Barrio-Uni\u00f3n-Castilla-y-Le\u00f3n.jpg\"><img loading=\"lazy\" decoding=\"async\" class=\" size-medium wp-image-4032 aligncenter\" src=\"http:\/\/www.radioamigavallenar.cl\/wp-content\/uploads\/2017\/02\/Fiesta-de-la-Chaya-Barrio-Uni\u00f3n-Castilla-y-Le\u00f3n-300x200.jpg\" alt=\"Fiesta de la Chaya Barrio Uni\u00f3n Castilla y Le\u00f3n\" width=\"300\" height=\"200\" srcset=\"https:\/\/www.radioamigavallenar.cl\/wp-content\/uploads\/2017\/02\/Fiesta-de-la-Chaya-Barrio-Uni\u00f3n-Castilla-y-Le\u00f3n-300x200.jpg 300w, https:\/\/www.radioamigavallenar.cl\/wp-content\/uploads\/2017\/02\/Fiesta-de-la-Chaya-Barrio-Uni\u00f3n-Castilla-y-Le\u00f3n.jpg 700w\" sizes=\"auto, (max-width: 300px) 100vw, 300px\" \/><\/a><\/p>\n<p style=\"text-align: justify;\">Todo un \u00e9xito result\u00f3 la Fiesta de la Chaya organizada por el Barrio Uni\u00f3n Castilla y Le\u00f3n de la poblaci\u00f3n Rafael Torreblanca de Vallenar, la cual permiti\u00f3 que ni\u00f1os y ni\u00f1as se dieran cita en el sector de la Parroquia Sor Teresa para entretenerse y refrescarse sanamente.<\/p>\n<p style=\"text-align: justify;\">La Fiesta de la Chaya, que es un rito que realizaban los diaguitas para rendir culto a la Madre Tierra, se revivi\u00f3 en Vallenar gracias al programa que desarrolla el municipio local en conjunto al Ministerio de Vivienda y Urbanismo \u2013Minvu-, denominado Quiero Mi Barrio.<\/p>\n<p style=\"text-align: justify;\">\u201cEn el marco de este programa, es que el Barrio Uni\u00f3n Castilla y Le\u00f3n en conjunto con el Consejo de Desarrollo Vecinal, est\u00e1 desarrollando diferentes actividades en este periodo estival, las cuales tienen como finalidad que los vecinos se re\u00fanan, compartan y se conozcan, as\u00ed puedan crear lazos que les permitan desarrollar de la mejor manera nuestro programa\u201d, coment\u00f3 Cristian Luna, encargado social del Barrio Uni\u00f3n Castilla y Le\u00f3n.<\/p>\n<p style=\"text-align: justify;\">La actividad se pudo realizar gracias al apoyo de la empresa sanitaria Aguas Cha\u00f1ar, quien colabor\u00f3 con el elemento principal de la Fiesta de la Chaya, el agua.<\/p>\n<p style=\"text-align: justify;\"><strong>ELECCI\u00d3N CVD<\/strong><\/p>\n<p style=\"text-align: justify;\">Dentro de las actividades que el programa ha desarrollado en el barrio durante este \u00faltimo tiempo, est\u00e1 el dise\u00f1o participativo que permiti\u00f3 esbozar lo que los vecinos quieren en su barrio y adem\u00e1s, la elecci\u00f3n del Consejo Vecinal de Desarrollo \u2013CVD-, el cual tiene un rol fundamental en el programa, y que es representar a los vecinos en las decisiones que se tomen para su continuidad.<\/p>\n<p style=\"text-align: justify;\">En esta oportunidad postularon 6 candidatos para ser parte del CVD Barrio Uni\u00f3n Castilla y Le\u00f3n, constituci\u00f3n basada en la Ley 19.418 de organizaciones territoriales y funcionales. \u201cLos vecinos eligieron como presidente a Lester Valdivia Valdivia, un joven de 24 a\u00f1os residente de la calle Castilla, que busca colaborar al desarrollo del barrio con ideas frescas y participaci\u00f3n entre sus pares, cumpliendo as\u00ed con una de las finalidades del programa, que es impulsar nuevos liderazgos dentro del territorio\u201d, asever\u00f3 Daniella Bustos, arquitecto del Barrio. Agregando que \u201cfelicitamos a Lester, a los candidatos y a todo el barrio Uni\u00f3n Castilla y Le\u00f3n de Torreblanca por ser parte de este proceso democr\u00e1tico, que los llevar\u00e1 a conformar las nuevas directrices para esta recuperaci\u00f3n f\u00edsica y social del entorno que habitan\u201d.<\/p>\n<p style=\"text-align: justify;\">Lester Valdivia por su parte mencion\u00f3 que \u201cla expectativa que tengo es trabajar por Castilla, Le\u00f3n y Galicia que son los l\u00edmites que tenemos dentro del pol\u00edgono, y realizar los lugares para recuperarlos, lugares que est\u00e1n desocupados, y limpiar lo que nosotros mismos ensuciamos, debemos cuidar nuestro medio ambiente. Ya tenemos un ejemplo de lo que est\u00e1 sucediendo en el sur, que nosotros mismos a veces provocamos los des\u00f3rdenes y podemos llegar a vivir lo que est\u00e1n viviendo all\u00e1 hoy en d\u00eda\u201d.<\/p>\n","protected":false},"excerpt":{"rendered":"<p>Todo un \u00e9xito result\u00f3 la Fiesta de la Chaya organizada por el Barrio Uni\u00f3n Castilla y Le\u00f3n de la poblaci\u00f3n Rafael Torreblanca de Vallenar, la&hellip; <\/p>\n","protected":false},"author":2,"featured_media":4032,"comment_status":"open","ping_status":"closed","sticky":false,"template":"","format":"standard","meta":{"footnotes":""},"categories":[8],"tags":[],"class_list":["post-4031","post","type-post","status-publish","format-standard","has-post-thumbnail","hentry","category-deportes"],"_links":{"self":[{"href":"https:\/\/www.radioamigavallenar.cl\/index.php?rest_route=\/wp\/v2\/posts\/4031","targetHints":{"allow":["GET"]}}],"collection":[{"href":"https:\/\/www.radioamigavallenar.cl\/index.php?rest_route=\/wp\/v2\/posts"}],"about":[{"href":"https:\/\/www.radioamigavallenar.cl\/index.php?rest_route=\/wp\/v2\/types\/post"}],"author":[{"embeddable":true,"href":"https:\/\/www.radioamigavallenar.cl\/index.php?rest_route=\/wp\/v2\/users\/2"}],"replies":[{"embeddable":true,"href":"https:\/\/www.radioamigavallenar.cl\/index.php?rest_route=%2Fwp%2Fv2%2Fcomments&post=4031"}],"version-history":[{"count":0,"href":"https:\/\/www.radioamigavallenar.cl\/index.php?rest_route=\/wp\/v2\/posts\/4031\/revisions"}],"wp:featuredmedia":[{"embeddable":true,"href":"https:\/\/www.radioamigavallenar.cl\/index.php?rest_route=\/wp\/v2\/media\/4032"}],"wp:attachment":[{"href":"https:\/\/www.radioamigavallenar.cl\/index.php?rest_route=%2Fwp%2Fv2%2Fmedia&parent=4031"}],"wp:term":[{"taxonomy":"category","embeddable":true,"href":"https:\/\/www.radioamigavallenar.cl\/index.php?rest_route=%2Fwp%2Fv2%2Fcategories&post=4031"},{"taxonomy":"post_tag","embeddable":true,"href":"https:\/\/www.radioamigavallenar.cl\/index.php?rest_route=%2Fwp%2Fv2%2Ftags&post=4031"}],"curies":[{"name":"wp","href":"https:\/\/api.w.org\/{rel}","templated":true}]}}