{"id":4027,"date":"2017-02-20T13:29:27","date_gmt":"2017-02-20T16:29:27","guid":{"rendered":"http:\/\/www.radioamigavallenar.cl\/?p=4027"},"modified":"2017-02-20T13:29:27","modified_gmt":"2017-02-20T16:29:27","slug":"llaman-a-no-quedarse-afuera-de-los-fondos-del-instituto-nacional-de-la-juventud-injuv","status":"publish","type":"post","link":"https:\/\/www.radioamigavallenar.cl\/?p=4027","title":{"rendered":"Llaman a no quedarse afuera de los fondos del Instituto Nacional de la Juventud INJUV"},"content":{"rendered":"<p style=\"text-align: justify;\"><a href=\"http:\/\/www.radioamigavallenar.cl\/wp-content\/uploads\/2017\/02\/Proyectos-Injuv.jpg\"><img loading=\"lazy\" decoding=\"async\" class=\" size-medium wp-image-4028 aligncenter\" src=\"http:\/\/www.radioamigavallenar.cl\/wp-content\/uploads\/2017\/02\/Proyectos-Injuv-300x224.jpg\" alt=\"Proyectos Injuv\" width=\"300\" height=\"224\" srcset=\"https:\/\/www.radioamigavallenar.cl\/wp-content\/uploads\/2017\/02\/Proyectos-Injuv-300x224.jpg 300w, https:\/\/www.radioamigavallenar.cl\/wp-content\/uploads\/2017\/02\/Proyectos-Injuv.jpg 689w\" sizes=\"auto, (max-width: 300px) 100vw, 300px\" \/><\/a><\/p>\n<p style=\"text-align: justify;\">El martes 21 de febrero, a las 12:00 horas, culmina el plazo para postular al Fondo INJUV #Participa2017, el que tiene como finalidad fomentar la participaci\u00f3n juvenil en el desarrollo del pa\u00eds y apoyar proyectos ideados por y para los j\u00f3venes.<\/p>\n<p style=\"text-align: justify;\">#Participa2017 consiste en proveer de recursos econ\u00f3micos y t\u00e9cnicos a proyectos que vayan en beneficio de personas que tengan entre 15 y 29 a\u00f1os, presentados por organizaciones constituidas con personalidad jur\u00eddica sin fines de lucro. Tem\u00e1ticas como Deporte, Cultura, Educaci\u00f3n, Participaci\u00f3n Social y P\u00fablica, Liderazgo,\u00a0 Compromiso Ciudadano, Medio Ambiente, Recuperaci\u00f3n de Espacios P\u00fablicos, Prevenci\u00f3n del alcoholismo, drogadicci\u00f3n, obesidad, VIH o Embarazo Adolescente y Empleabilidad Juvenil se podr\u00e1n apoyar mediante este Fondo Concursable.<\/p>\n<p style=\"text-align: justify;\">INJUV #Participa2017 financiar\u00e1 iniciativas con montos entre uno y dos millones de pesos a los cuales pueden postular organizaciones comunitarias, clubes deportivos y colectivos culturales \u2013 todos territoriales o funcionales &#8211; que se encuentren constituidos como persona jur\u00eddica sin fines de lucro. Tambi\u00e9n organizaciones con personalidad jur\u00eddica sin fines de lucro, como Fundaciones, Corporaciones y ONG, organizaciones estudiantiles como Federaciones y Centros de Alumnos o Estudiantes.<\/p>\n<p style=\"text-align: justify;\">Este a\u00f1o se asignaron 34 millones de pesos para Atacama, lo que permitir\u00e1 financiar un total de 25 proyectos; 16 iniciativas de un mill\u00f3n de pesos y nueve de dos millones respectivamente.<\/p>\n<p style=\"text-align: justify;\">Al respecto, Viana Opazo Collao, directora regional del INJUV, destac\u00f3 que \u201chemos apostado por apoyar aquellas iniciativas juveniles que fomenten la participaci\u00f3n de los j\u00f3venes en su entorno financiando sus proyectos. El a\u00f1o 2016 fueron casi 4 mil los j\u00f3venes de diferentes puntos de Atacama beneficiados con el Fondo Participa, por lo cual esperamos este a\u00f1o aumentar el n\u00famero de favorecidos\u201d.<\/p>\n<p style=\"text-align: justify;\">\u201cEs por ello que en estas semanas realizamos charlas en distintas comunas de la regi\u00f3n, con el fin de capacitar a los dirigentes y representantes de las organizaciones sociales e indicarles c\u00f3mo postular y la documentaci\u00f3n que deben tener para que puedan ingresar adecuadamente sus iniciativas a trav\u00e9s de nuestro portal web\u201d, agreg\u00f3 la Directora Regional.<\/p>\n<p style=\"text-align: justify;\">Las bases del concurso se encuentran disponibles desde el 13 de enero en el sitio web del INJUV y la postulaci\u00f3n finaliza este martes 21 de febrero a las 12:00 horas en www.injuv.cl. Para mayor informaci\u00f3n y consultas dirigirse a las Oficinas del INJUV, ubicadas en Colip\u00ed 893 o a trav\u00e9s del link en www.injuv.cl\/oirs.<\/p>\n","protected":false},"excerpt":{"rendered":"<p>El martes 21 de febrero, a las 12:00 horas, culmina el plazo para postular al Fondo INJUV #Participa2017, el que tiene como finalidad fomentar la&hellip; <\/p>\n","protected":false},"author":2,"featured_media":4028,"comment_status":"open","ping_status":"closed","sticky":false,"template":"","format":"standard","meta":{"footnotes":""},"categories":[8],"tags":[],"class_list":["post-4027","post","type-post","status-publish","format-standard","has-post-thumbnail","hentry","category-deportes"],"_links":{"self":[{"href":"https:\/\/www.radioamigavallenar.cl\/index.php?rest_route=\/wp\/v2\/posts\/4027","targetHints":{"allow":["GET"]}}],"collection":[{"href":"https:\/\/www.radioamigavallenar.cl\/index.php?rest_route=\/wp\/v2\/posts"}],"about":[{"href":"https:\/\/www.radioamigavallenar.cl\/index.php?rest_route=\/wp\/v2\/types\/post"}],"author":[{"embeddable":true,"href":"https:\/\/www.radioamigavallenar.cl\/index.php?rest_route=\/wp\/v2\/users\/2"}],"replies":[{"embeddable":true,"href":"https:\/\/www.radioamigavallenar.cl\/index.php?rest_route=%2Fwp%2Fv2%2Fcomments&post=4027"}],"version-history":[{"count":0,"href":"https:\/\/www.radioamigavallenar.cl\/index.php?rest_route=\/wp\/v2\/posts\/4027\/revisions"}],"wp:featuredmedia":[{"embeddable":true,"href":"https:\/\/www.radioamigavallenar.cl\/index.php?rest_route=\/wp\/v2\/media\/4028"}],"wp:attachment":[{"href":"https:\/\/www.radioamigavallenar.cl\/index.php?rest_route=%2Fwp%2Fv2%2Fmedia&parent=4027"}],"wp:term":[{"taxonomy":"category","embeddable":true,"href":"https:\/\/www.radioamigavallenar.cl\/index.php?rest_route=%2Fwp%2Fv2%2Fcategories&post=4027"},{"taxonomy":"post_tag","embeddable":true,"href":"https:\/\/www.radioamigavallenar.cl\/index.php?rest_route=%2Fwp%2Fv2%2Ftags&post=4027"}],"curies":[{"name":"wp","href":"https:\/\/api.w.org\/{rel}","templated":true}]}}