{"id":4022,"date":"2017-02-20T13:22:53","date_gmt":"2017-02-20T16:22:53","guid":{"rendered":"http:\/\/www.radioamigavallenar.cl\/?p=4022"},"modified":"2017-02-20T13:22:53","modified_gmt":"2017-02-20T16:22:53","slug":"audio-padres-de-ninos-autistas-piden-ayuda-a-la-autoridad-y-la-comunidad-de-vallenar","status":"publish","type":"post","link":"https:\/\/www.radioamigavallenar.cl\/?p=4022","title":{"rendered":"(AUDIO) Padres de ni\u00f1os autistas piden ayuda a la autoridad y la comunidad de Vallenar"},"content":{"rendered":"<h5><a href=\"http:\/\/www.radioamigavallenar.cl\/wp-content\/uploads\/2017\/02\/Padres-ni\u00f1os-autismo.jpg\"><img loading=\"lazy\" decoding=\"async\" class=\" size-medium wp-image-4024 aligncenter\" src=\"http:\/\/www.radioamigavallenar.cl\/wp-content\/uploads\/2017\/02\/Padres-ni\u00f1os-autismo-300x225.jpg\" alt=\"Padres ni\u00f1os autismo\" width=\"300\" height=\"225\" srcset=\"https:\/\/www.radioamigavallenar.cl\/wp-content\/uploads\/2017\/02\/Padres-ni\u00f1os-autismo-300x225.jpg 300w, https:\/\/www.radioamigavallenar.cl\/wp-content\/uploads\/2017\/02\/Padres-ni\u00f1os-autismo.jpg 700w\" sizes=\"auto, (max-width: 300px) 100vw, 300px\" \/><\/a><\/h5>\n<h5><em><strong>Padres buscan que en Vallenar se hable de autismo. En redes sociales ya se promueve el HT #HablemosDeAutismo.<\/strong><\/em><\/h5>\n<p style=\"text-align: justify;\">La necesidad de generar espacios de participaci\u00f3n y de inclusi\u00f3n que permitan abrir la informaci\u00f3n respecto de la realidad que vive la provincia del Huasco en torno al tema, la presencia de casos existentes en la zona, compartir la experiencia entre las familias y acceder a l\u00edneas de apoyo tanto en materia de financiamiento como de atenci\u00f3n y acompa\u00f1amiento, dieron a conocer un grupo de padres y madres de familias cuyo hijos manifiestan un TGD (trastorno generalizado del desarrollo), un trastorno del espectro autista. Son alrededor de 12 familias que est\u00e1n impulsando esta iniciativa, se\u00f1alando que hay muchos casos en la provincia y que requieren de atenci\u00f3n.<\/p>\n<p style=\"text-align: justify;\">Ver\u00f3nica Salinas, quien encabeza esta iniciativa, destac\u00f3 la importancia de llamar la atenci\u00f3n sobre el tema,\u00a0 ante ello agradece el inter\u00e9s que ha puesto la gobernadora de la provincia del Huasco, Alexandra N\u00fa\u00f1ez en conocer sobre el tema, y establecer las acciones que sean necesarias para avanzar, \u00a0\u201cqueremos que se hable del tema, dar a conocer existen casos en Vallenar y que requerimos de apoyo, queremos reunir a las mam\u00e1s, a los pap\u00e1s y a las familias que tenemos un anhelo en com\u00fan, que nuestros hijos progresen, se requiere terapia, capacitaci\u00f3n, orientaci\u00f3n, no hay integraci\u00f3n en los colegios \u00a0porque hay un gran desconocimiento y hacia all\u00e1 apuntamos con nuestra iniciativa, inclusi\u00f3n\u201d.<\/p>\n<p style=\"text-align: justify;\">La gobernadora, quien pudo compartir la informaci\u00f3n de este grupo de padres, conoci\u00f3 en terreno el trabajo que a pulso est\u00e1n llevando a\u00a0 cabo estas familias reconociendo el gran esfuerzo que est\u00e1n poniendo en esta tarea, al mismo tiempo que les indic\u00f3 la importancia en formalizar su organizaci\u00f3n paso fundamental para acceder a las instancias de apoyo que el gobierno pueda asignar, \u201cexisten los recursos y para ello se requiere de la organizaci\u00f3n, queremos invitarles a reunirse con nuestro equipo de trabajo y analizar en conjunto los pasos a seguir para dar respuesta \u00a0a sus demandas, un trabajo que les invitamos a realizar en conjunto\u201d, destac\u00f3 la autoridad.<\/p>\n<p style=\"text-align: justify;\">En la actualidad y con la colaboraci\u00f3n del sector privado, realizan talleres de verano, para motivar el desarrollo y progreso de sus ni\u00f1os.<\/p>\n<p style=\"text-align: justify;\">El autismo es un trastorno neurol\u00f3gico complejo que generalmente dura toda la vida. Es parte de un grupo de trastornos conocidos como trastornos del espectro autista (ASD por sus siglas en ingl\u00e9s). Actualmente se diagnostica con autismo a 1 de cada 68 individuos y a 1 de cada 42 ni\u00f1os varones, haci\u00e9ndolo m\u00e1s com\u00fan que los casos de c\u00e1ncer, diabetes y SIDA pedi\u00e1tricos combinados. Se presenta en cualquier grupo racial, \u00e9tnico y social, y es cuatro veces m\u00e1s frecuente en los ni\u00f1os que en las ni\u00f1as. El autismo da\u00f1a la capacidad de una persona para comunicarse y relacionarse con otros. Tambi\u00e9n, est\u00e1 asociado con rutinas y comportamientos repetitivos, tales como arreglar objetos obsesivamente o seguir rutinas muy espec\u00edficas. Los s\u00edntomas pueden oscilar desde leves hasta muy severos.<\/p>\n<p style=\"text-align: justify;\">Entrevista a Ver\u00f3nica Salinas.<\/p>\n<audio class=\"wp-audio-shortcode\" id=\"audio-4022-1\" preload=\"none\" style=\"width: 100%;\" controls=\"controls\"><source type=\"audio\/mpeg\" src=\"http:\/\/www.radioamigavallenar.cl\/wp-content\/uploads\/2017\/02\/Veronica-Salinas-autismo.m4a?_=1\" \/><a href=\"http:\/\/www.radioamigavallenar.cl\/wp-content\/uploads\/2017\/02\/Veronica-Salinas-autismo.m4a\">http:\/\/www.radioamigavallenar.cl\/wp-content\/uploads\/2017\/02\/Veronica-Salinas-autismo.m4a<\/a><\/audio>\n","protected":false},"excerpt":{"rendered":"<p>Padres buscan que en Vallenar se hable de autismo. En redes sociales ya se promueve el HT #HablemosDeAutismo. La necesidad de generar espacios de participaci\u00f3n&hellip; <\/p>\n","protected":false},"author":2,"featured_media":4024,"comment_status":"open","ping_status":"closed","sticky":false,"template":"","format":"standard","meta":{"footnotes":""},"categories":[2],"tags":[],"class_list":["post-4022","post","type-post","status-publish","format-standard","has-post-thumbnail","hentry","category-vallenar"],"_links":{"self":[{"href":"https:\/\/www.radioamigavallenar.cl\/index.php?rest_route=\/wp\/v2\/posts\/4022","targetHints":{"allow":["GET"]}}],"collection":[{"href":"https:\/\/www.radioamigavallenar.cl\/index.php?rest_route=\/wp\/v2\/posts"}],"about":[{"href":"https:\/\/www.radioamigavallenar.cl\/index.php?rest_route=\/wp\/v2\/types\/post"}],"author":[{"embeddable":true,"href":"https:\/\/www.radioamigavallenar.cl\/index.php?rest_route=\/wp\/v2\/users\/2"}],"replies":[{"embeddable":true,"href":"https:\/\/www.radioamigavallenar.cl\/index.php?rest_route=%2Fwp%2Fv2%2Fcomments&post=4022"}],"version-history":[{"count":0,"href":"https:\/\/www.radioamigavallenar.cl\/index.php?rest_route=\/wp\/v2\/posts\/4022\/revisions"}],"wp:featuredmedia":[{"embeddable":true,"href":"https:\/\/www.radioamigavallenar.cl\/index.php?rest_route=\/wp\/v2\/media\/4024"}],"wp:attachment":[{"href":"https:\/\/www.radioamigavallenar.cl\/index.php?rest_route=%2Fwp%2Fv2%2Fmedia&parent=4022"}],"wp:term":[{"taxonomy":"category","embeddable":true,"href":"https:\/\/www.radioamigavallenar.cl\/index.php?rest_route=%2Fwp%2Fv2%2Fcategories&post=4022"},{"taxonomy":"post_tag","embeddable":true,"href":"https:\/\/www.radioamigavallenar.cl\/index.php?rest_route=%2Fwp%2Fv2%2Ftags&post=4022"}],"curies":[{"name":"wp","href":"https:\/\/api.w.org\/{rel}","templated":true}]}}