{"id":4016,"date":"2017-02-20T12:36:32","date_gmt":"2017-02-20T15:36:32","guid":{"rendered":"http:\/\/www.radioamigavallenar.cl\/?p=4016"},"modified":"2017-02-20T12:36:32","modified_gmt":"2017-02-20T15:36:32","slug":"pdi-vallenar-detiene-a-tres-sujetos-profugos-de-la-justicia-que-habrian-cometido-delitos-en-huasco","status":"publish","type":"post","link":"https:\/\/www.radioamigavallenar.cl\/?p=4016","title":{"rendered":"PDI Vallenar detiene a tres sujetos pr\u00f3fugos de la justicia que habr\u00edan cometido delitos en Huasco"},"content":{"rendered":"<p style=\"text-align: justify;\">Detectives de la Brigada de Investigaci\u00f3n Criminal (Bicrim) de la PDI de Vallenar detuvieron a tres sujetos -de 21, 36 y 41 a\u00f1os de edad- quienes se manten\u00edan pr\u00f3fugos de la justicia, ya que eran requeridos por los tribunales de garant\u00eda de Vallenar y Freirina por diversos delitos cometidos en la Provincia de Huasco.<\/p>\n<p style=\"text-align: justify;\"><a href=\"http:\/\/www.radioamigavallenar.cl\/wp-content\/uploads\/2017\/02\/PDI1.jpg\"><img loading=\"lazy\" decoding=\"async\" class=\" size-medium wp-image-4008 aligncenter\" src=\"http:\/\/www.radioamigavallenar.cl\/wp-content\/uploads\/2017\/02\/PDI1-300x144.jpg\" alt=\"PDI\" width=\"300\" height=\"144\" srcset=\"https:\/\/www.radioamigavallenar.cl\/wp-content\/uploads\/2017\/02\/PDI1-300x144.jpg 300w, https:\/\/www.radioamigavallenar.cl\/wp-content\/uploads\/2017\/02\/PDI1.jpg 700w\" sizes=\"auto, (max-width: 300px) 100vw, 300px\" \/><\/a><\/p>\n<p style=\"text-align: justify;\">Uno de los detenidos, identificado con las iniciales F.J.V.R. (36) estaba incluido en la lista de pr\u00f3fugos elaborada por la PDI a trav\u00e9s de un estudio realizado por su Oficina Regional de An\u00e1lisis Criminal.<\/p>\n<p style=\"text-align: justify;\">Seg\u00fan la PDI estos delincuentes prol\u00edficos operan en sectores identificados por la referida oficina, los que previamente son establecidos para optimizar la labor operativa y de esa forma los servicios se realizan seg\u00fan los par\u00e1metros determinados a partir de esa informaci\u00f3n.<\/p>\n<p style=\"text-align: justify;\">Los detenidos eran buscados por delitos como amenazas y apropiaci\u00f3n indebida, adem\u00e1s uno de \u00e9stos contaba con seis detenciones y desde el a\u00f1o 2015 acumul\u00f3 10 \u00f3rdenes de detenci\u00f3n. Adem\u00e1s los tres contaban con antecedentes policiales por delitos como da\u00f1os, lesiones y \u00a0tr\u00e1fico de drogas.<\/p>\n","protected":false},"excerpt":{"rendered":"<p>Detectives de la Brigada de Investigaci\u00f3n Criminal (Bicrim) de la PDI de Vallenar detuvieron a tres sujetos -de 21, 36 y 41 a\u00f1os de edad-&hellip; <\/p>\n","protected":false},"author":2,"featured_media":4008,"comment_status":"open","ping_status":"closed","sticky":false,"template":"","format":"standard","meta":{"footnotes":""},"categories":[6],"tags":[],"class_list":["post-4016","post","type-post","status-publish","format-standard","has-post-thumbnail","hentry","category-policial"],"_links":{"self":[{"href":"https:\/\/www.radioamigavallenar.cl\/index.php?rest_route=\/wp\/v2\/posts\/4016","targetHints":{"allow":["GET"]}}],"collection":[{"href":"https:\/\/www.radioamigavallenar.cl\/index.php?rest_route=\/wp\/v2\/posts"}],"about":[{"href":"https:\/\/www.radioamigavallenar.cl\/index.php?rest_route=\/wp\/v2\/types\/post"}],"author":[{"embeddable":true,"href":"https:\/\/www.radioamigavallenar.cl\/index.php?rest_route=\/wp\/v2\/users\/2"}],"replies":[{"embeddable":true,"href":"https:\/\/www.radioamigavallenar.cl\/index.php?rest_route=%2Fwp%2Fv2%2Fcomments&post=4016"}],"version-history":[{"count":0,"href":"https:\/\/www.radioamigavallenar.cl\/index.php?rest_route=\/wp\/v2\/posts\/4016\/revisions"}],"wp:featuredmedia":[{"embeddable":true,"href":"https:\/\/www.radioamigavallenar.cl\/index.php?rest_route=\/wp\/v2\/media\/4008"}],"wp:attachment":[{"href":"https:\/\/www.radioamigavallenar.cl\/index.php?rest_route=%2Fwp%2Fv2%2Fmedia&parent=4016"}],"wp:term":[{"taxonomy":"category","embeddable":true,"href":"https:\/\/www.radioamigavallenar.cl\/index.php?rest_route=%2Fwp%2Fv2%2Fcategories&post=4016"},{"taxonomy":"post_tag","embeddable":true,"href":"https:\/\/www.radioamigavallenar.cl\/index.php?rest_route=%2Fwp%2Fv2%2Ftags&post=4016"}],"curies":[{"name":"wp","href":"https:\/\/api.w.org\/{rel}","templated":true}]}}