{"id":4011,"date":"2017-02-20T12:32:12","date_gmt":"2017-02-20T15:32:12","guid":{"rendered":"http:\/\/www.radioamigavallenar.cl\/?p=4011"},"modified":"2017-02-20T12:32:12","modified_gmt":"2017-02-20T15:32:12","slug":"audio-vallenar-un-detenido-por-infraccion-a-la-normativa-legal-vigente-sobre-quemas","status":"publish","type":"post","link":"https:\/\/www.radioamigavallenar.cl\/?p=4011","title":{"rendered":"(AUDIO) Vallenar: Un detenido por infracci\u00f3n a la normativa legal vigente sobre quemas"},"content":{"rendered":"<p style=\"text-align: justify;\"><a href=\"http:\/\/www.radioamigavallenar.cl\/wp-content\/uploads\/2017\/02\/Conaf-Atacama-incendio.jpg\"><img loading=\"lazy\" decoding=\"async\" class=\" size-medium wp-image-4014 aligncenter\" src=\"http:\/\/www.radioamigavallenar.cl\/wp-content\/uploads\/2017\/02\/Conaf-Atacama-incendio-300x168.jpg\" alt=\"Conaf Atacama incendio\" width=\"300\" height=\"168\" srcset=\"https:\/\/www.radioamigavallenar.cl\/wp-content\/uploads\/2017\/02\/Conaf-Atacama-incendio-300x168.jpg 300w, https:\/\/www.radioamigavallenar.cl\/wp-content\/uploads\/2017\/02\/Conaf-Atacama-incendio.jpg 700w\" sizes=\"auto, (max-width: 300px) 100vw, 300px\" \/><\/a><\/p>\n<p style=\"text-align: justify;\">Ello de acuerdo con informaci\u00f3n proporcionada por el encargado provincial del departamento de prevenci\u00f3n y control de incendios forestales de Conaf, Carlos Bustos, luego de las patrullas que realiza la brigada de combate de incendios \u00abCha\u00f1ar-3\u00bb que opera en la provincia, se\u00f1alando que solo en la ma\u00f1ana del viernes se debieron fiscalizar 5 intento de quemas ilegales y\u00a0<span class=\"m_1885548859026750956gmail-text_exposed_show\">en un de ellas se detuvo a una persona por infringir la normativa que dicta el decreto Supremo 276 de 1980, que proh\u00edbe y sanciona la quema ilegal.<\/span><\/p>\n<div class=\"m_1885548859026750956gmail-text_exposed_show\">\n<p style=\"text-align: justify;\">Sobre el particular, Bustos se\u00f1al\u00f3 que est\u00e1n prohibidas todas las quemas en la provincia del Huasco, durante enero, febrero y marzo del presente a\u00f1o.<\/p>\n<p style=\"text-align: justify;\">La preocupaci\u00f3n apunta adem\u00e1s debido que seg\u00fan se\u00f1ala el experto de la Conaf, nos encontramos frente a un panorama climatol\u00f3gico muy propenso a la generaci\u00f3n de focos de incendio.<\/p>\n<p style=\"text-align: justify;\">Motivo por el cual hace un llamado a la poblaci\u00f3n al auto-cuidado, a la responsabilidad de nuestros actos y a la mayor preocupaci\u00f3n para evitar toda acci\u00f3n que represente una amenaza de riesgo por incendio forestal en toda la provincia, las condiciones de viento y temperaturas as\u00ed lo ameritan.<\/p>\n<p style=\"text-align: justify;\">Juan G\u00e1lvez, encargado del \u00e1rea de comunicaciones de la Gobernaci\u00f3n del Huasco entrevist\u00f3 al encargado provincial del departamento de prevenci\u00f3n y control de incendios forestales de la Conaf Carlos Bustos:<\/p>\n<audio class=\"wp-audio-shortcode\" id=\"audio-4011-1\" preload=\"none\" style=\"width: 100%;\" controls=\"controls\"><source type=\"audio\/mpeg\" src=\"http:\/\/www.radioamigavallenar.cl\/wp-content\/uploads\/2017\/02\/Entrevista-Carlos-Bustos-Conaf.m4a?_=1\" \/><a href=\"http:\/\/www.radioamigavallenar.cl\/wp-content\/uploads\/2017\/02\/Entrevista-Carlos-Bustos-Conaf.m4a\">http:\/\/www.radioamigavallenar.cl\/wp-content\/uploads\/2017\/02\/Entrevista-Carlos-Bustos-Conaf.m4a<\/a><\/audio>\n<\/div>\n","protected":false},"excerpt":{"rendered":"<p>Ello de acuerdo con informaci\u00f3n proporcionada por el encargado provincial del departamento de prevenci\u00f3n y control de incendios forestales de Conaf, Carlos Bustos, luego de&hellip; <\/p>\n","protected":false},"author":2,"featured_media":4014,"comment_status":"open","ping_status":"closed","sticky":false,"template":"","format":"standard","meta":{"footnotes":""},"categories":[6],"tags":[],"class_list":["post-4011","post","type-post","status-publish","format-standard","has-post-thumbnail","hentry","category-policial"],"_links":{"self":[{"href":"https:\/\/www.radioamigavallenar.cl\/index.php?rest_route=\/wp\/v2\/posts\/4011","targetHints":{"allow":["GET"]}}],"collection":[{"href":"https:\/\/www.radioamigavallenar.cl\/index.php?rest_route=\/wp\/v2\/posts"}],"about":[{"href":"https:\/\/www.radioamigavallenar.cl\/index.php?rest_route=\/wp\/v2\/types\/post"}],"author":[{"embeddable":true,"href":"https:\/\/www.radioamigavallenar.cl\/index.php?rest_route=\/wp\/v2\/users\/2"}],"replies":[{"embeddable":true,"href":"https:\/\/www.radioamigavallenar.cl\/index.php?rest_route=%2Fwp%2Fv2%2Fcomments&post=4011"}],"version-history":[{"count":0,"href":"https:\/\/www.radioamigavallenar.cl\/index.php?rest_route=\/wp\/v2\/posts\/4011\/revisions"}],"wp:featuredmedia":[{"embeddable":true,"href":"https:\/\/www.radioamigavallenar.cl\/index.php?rest_route=\/wp\/v2\/media\/4014"}],"wp:attachment":[{"href":"https:\/\/www.radioamigavallenar.cl\/index.php?rest_route=%2Fwp%2Fv2%2Fmedia&parent=4011"}],"wp:term":[{"taxonomy":"category","embeddable":true,"href":"https:\/\/www.radioamigavallenar.cl\/index.php?rest_route=%2Fwp%2Fv2%2Fcategories&post=4011"},{"taxonomy":"post_tag","embeddable":true,"href":"https:\/\/www.radioamigavallenar.cl\/index.php?rest_route=%2Fwp%2Fv2%2Ftags&post=4011"}],"curies":[{"name":"wp","href":"https:\/\/api.w.org\/{rel}","templated":true}]}}