{"id":3977,"date":"2017-02-13T11:42:28","date_gmt":"2017-02-13T14:42:28","guid":{"rendered":"http:\/\/www.radioamigavallenar.cl\/?p=3977"},"modified":"2017-02-13T11:42:28","modified_gmt":"2017-02-13T14:42:28","slug":"deportes-vallenar-volvio-a-las-canchas-con-un-triunfo-sobre-cauquenes","status":"publish","type":"post","link":"https:\/\/www.radioamigavallenar.cl\/?p=3977","title":{"rendered":"Deportes Vallenar volvi\u00f3 a las canchas con un triunfo sobre Cauquenes"},"content":{"rendered":"<p style=\"text-align: justify;\"><a href=\"http:\/\/www.radioamigavallenar.cl\/wp-content\/uploads\/2017\/02\/Vallenar-Cauquenes-2.jpg\"><img loading=\"lazy\" decoding=\"async\" class=\" size-medium wp-image-3979 aligncenter\" src=\"http:\/\/www.radioamigavallenar.cl\/wp-content\/uploads\/2017\/02\/Vallenar-Cauquenes-2-300x200.jpg\" alt=\"Vallenar Cauquenes (2)\" width=\"300\" height=\"200\" srcset=\"https:\/\/www.radioamigavallenar.cl\/wp-content\/uploads\/2017\/02\/Vallenar-Cauquenes-2-300x200.jpg 300w, https:\/\/www.radioamigavallenar.cl\/wp-content\/uploads\/2017\/02\/Vallenar-Cauquenes-2.jpg 700w\" sizes=\"auto, (max-width: 300px) 100vw, 300px\" \/><\/a><\/p>\n<p style=\"text-align: justify;\">Un tiempo le bast\u00f3 al cuadro local para hacerse con el triunfo, eso tras irse al entretiempo en ganancia de 2-0. En el complemento el descuento visitante no fue suficiente para amagar el triunfo de Vallenar.<\/p>\n<p style=\"text-align: justify;\">Primer tiempo favorable al equipo local, esto dado que desde un principio se hicieron con el bal\u00f3n y las llegadas al arco contrario, pero no fue hasta el minuto 33\u2019, cuando se abri\u00f3 el marcador por medio de Christopher V\u00e1squez. El 2-0 llegar\u00eda finalizando la primera etapa, en los pies de Jos\u00e9 Riquero (42\u2019).<\/p>\n<p style=\"text-align: justify;\">En el segundo tiempo el visitante se fue con todo en busca del descuento que lo metiera de vuelta al partido, pero el gol se hizo esperar y s\u00f3lo llego en el minuto 75\u2019, cuando Patricio Guti\u00e9rrez desde los doce pasos anot\u00f3 el 2-1 definitivo.<\/p>\n<p style=\"text-align: justify;\">As\u00ed con el triunfo el cuadro de Vallenar logra su tercera victoria del torneo, pero sigue en la \u00faltima posici\u00f3n con 9 unidades. Por su parte Independiente de Cauquenes sigue en la octava ubicaci\u00f3n con 19 puntos.<\/p>\n<p style=\"text-align: justify;\"><a href=\"http:\/\/www.radioamigavallenar.cl\/wp-content\/uploads\/2017\/02\/Vallenar-Cauquenes-1.jpg\"><img loading=\"lazy\" decoding=\"async\" class=\" size-medium wp-image-3978 aligncenter\" src=\"http:\/\/www.radioamigavallenar.cl\/wp-content\/uploads\/2017\/02\/Vallenar-Cauquenes-1-300x178.jpg\" alt=\"Vallenar Cauquenes (1)\" width=\"300\" height=\"178\" srcset=\"https:\/\/www.radioamigavallenar.cl\/wp-content\/uploads\/2017\/02\/Vallenar-Cauquenes-1-300x178.jpg 300w, https:\/\/www.radioamigavallenar.cl\/wp-content\/uploads\/2017\/02\/Vallenar-Cauquenes-1.jpg 700w\" sizes=\"auto, (max-width: 300px) 100vw, 300px\" \/><\/a><\/p>\n","protected":false},"excerpt":{"rendered":"<p>Un tiempo le bast\u00f3 al cuadro local para hacerse con el triunfo, eso tras irse al entretiempo en ganancia de 2-0. En el complemento el&hellip; <\/p>\n","protected":false},"author":2,"featured_media":3979,"comment_status":"open","ping_status":"closed","sticky":false,"template":"","format":"standard","meta":{"footnotes":""},"categories":[8],"tags":[],"class_list":["post-3977","post","type-post","status-publish","format-standard","has-post-thumbnail","hentry","category-deportes"],"_links":{"self":[{"href":"https:\/\/www.radioamigavallenar.cl\/index.php?rest_route=\/wp\/v2\/posts\/3977","targetHints":{"allow":["GET"]}}],"collection":[{"href":"https:\/\/www.radioamigavallenar.cl\/index.php?rest_route=\/wp\/v2\/posts"}],"about":[{"href":"https:\/\/www.radioamigavallenar.cl\/index.php?rest_route=\/wp\/v2\/types\/post"}],"author":[{"embeddable":true,"href":"https:\/\/www.radioamigavallenar.cl\/index.php?rest_route=\/wp\/v2\/users\/2"}],"replies":[{"embeddable":true,"href":"https:\/\/www.radioamigavallenar.cl\/index.php?rest_route=%2Fwp%2Fv2%2Fcomments&post=3977"}],"version-history":[{"count":0,"href":"https:\/\/www.radioamigavallenar.cl\/index.php?rest_route=\/wp\/v2\/posts\/3977\/revisions"}],"wp:featuredmedia":[{"embeddable":true,"href":"https:\/\/www.radioamigavallenar.cl\/index.php?rest_route=\/wp\/v2\/media\/3979"}],"wp:attachment":[{"href":"https:\/\/www.radioamigavallenar.cl\/index.php?rest_route=%2Fwp%2Fv2%2Fmedia&parent=3977"}],"wp:term":[{"taxonomy":"category","embeddable":true,"href":"https:\/\/www.radioamigavallenar.cl\/index.php?rest_route=%2Fwp%2Fv2%2Fcategories&post=3977"},{"taxonomy":"post_tag","embeddable":true,"href":"https:\/\/www.radioamigavallenar.cl\/index.php?rest_route=%2Fwp%2Fv2%2Ftags&post=3977"}],"curies":[{"name":"wp","href":"https:\/\/api.w.org\/{rel}","templated":true}]}}