{"id":3966,"date":"2017-02-13T11:35:07","date_gmt":"2017-02-13T14:35:07","guid":{"rendered":"http:\/\/www.radioamigavallenar.cl\/?p=3966"},"modified":"2017-02-13T11:35:07","modified_gmt":"2017-02-13T14:35:07","slug":"tamarugal-se-quedo-con-la-corona-del-gigante-del-baby-futbol-vallenar-2017","status":"publish","type":"post","link":"https:\/\/www.radioamigavallenar.cl\/?p=3966","title":{"rendered":"Tamarugal se qued\u00f3 con la corona del Gigante del Baby F\u00fatbol Vallenar 2017"},"content":{"rendered":"<p style=\"text-align: justify;\"><a href=\"http:\/\/www.radioamigavallenar.cl\/wp-content\/uploads\/2017\/02\/FINAL-GIGANTE-BABY-F\u00daTBOL-VALLENAR-14.jpg\"><img loading=\"lazy\" decoding=\"async\" class=\" size-medium wp-image-3973 aligncenter\" src=\"http:\/\/www.radioamigavallenar.cl\/wp-content\/uploads\/2017\/02\/FINAL-GIGANTE-BABY-F\u00daTBOL-VALLENAR-14-300x225.jpg\" alt=\"FINAL GIGANTE BABY F\u00daTBOL VALLENAR (14)\" width=\"300\" height=\"225\" srcset=\"https:\/\/www.radioamigavallenar.cl\/wp-content\/uploads\/2017\/02\/FINAL-GIGANTE-BABY-F\u00daTBOL-VALLENAR-14-300x225.jpg 300w, https:\/\/www.radioamigavallenar.cl\/wp-content\/uploads\/2017\/02\/FINAL-GIGANTE-BABY-F\u00daTBOL-VALLENAR-14.jpg 700w\" sizes=\"auto, (max-width: 300px) 100vw, 300px\" \/><\/a><\/p>\n<p style=\"text-align: justify;\">Durante tres semanas, los amantes del f\u00fatbol beb\u00e9 se dieron cita en el Estadio Techado Municipal Honorio Mieres Neira, para ser parte de la versi\u00f3n 2017 del Campeonato Gigante del Baby F\u00fatbol, el cual este a\u00f1o congreg\u00f3 a 14 equipos provenientes de diferentes sectores de Vallenar, adem\u00e1s uno de Huasco y otro de Freirina. En total fueron 16 los equipos que pelearon para llevarse la corona, pero fue Tamarugal, el que se qued\u00f3 con el t\u00edtulo de campe\u00f3n 2017.<\/p>\n<p style=\"text-align: justify;\">Hern\u00e1n Galleguillos, del cuadro de Tamarugal, coment\u00f3 que \u201cnos cost\u00f3 bastante, un partido muy dif\u00edcil, nosotros ven\u00edamos jugando un partido complicado y llegar con un equipo bien complicado era dif\u00edcil ganarlo y gracias a Dios se nos dio las cosas y ganamos 9-2 y darle las gracias a la gente, a la gente de Tamarugal, a la t\u00eda Gladys y a todos que nos apoyaron y ojal\u00e1 que esto siga y que no pare\u201d.<\/p>\n<p style=\"text-align: justify;\"><b>RESULTADOS<\/b><\/p>\n<p style=\"text-align: justify;\">La noche de clausura del Gigante del Baby F\u00fatbol la disputaron en primer lugar, la rama femenina, qued\u00e1ndose con el primer lugar Uni\u00f3n Futsal, segundo lugar Manchester Lite, tercer lugar para Uni\u00f3n Estrella y por \u00faltimo en cuarto lugar Juventus.<\/p>\n<p style=\"text-align: justify;\">Luego fue el turno de los varones. El primer lugar fue para Tamarugal quien derrot\u00f3 por 9 a 2 a Los Sacachispas, quienes ocuparon el segundo lugar. En el tercer puesto Villa Ed\u00e9n y en cuarto lugar para Los Pitbull de Freirina.<\/p>\n<p style=\"text-align: justify;\">Adem\u00e1s se premi\u00f3 al Goleador del campeonato, Jos\u00e9 Mu\u00f1oz Alcota de Villa Ed\u00e9n; Jugador Revelaci\u00f3n, Danilo Zepeda Barrios de Tamarugal y como Mejor Arquero, Alexis Galleguillos Arancibia de Villa Ed\u00e9n.<\/p>\n<p style=\"text-align: justify;\">\u201cLa verdad que estamos muy contentos, muy complacidos con toda la gente que ha participado, realmente con los 16 equipos que estuvieron noche a noche del 24 de enero participando en esta hermosa actividad deportiva que est\u00e1 dentro de un proyecto que nosotros denominamos la Fiesta Deportiva se Vive en las poblaciones de Vallenar y en esta oportunidad culminamos un tercer campeonato con este Gigante del Baby F\u00fatbol que apasiona a todos los j\u00f3venes\u201d, mencion\u00f3 Dixon Robledo, del departamento Municipal de Deportes.<\/p>\n<p style=\"text-align: justify;\">Cabe destacar que este campeonato se realiz\u00f3 gracias financiamientos municipales y de la glosa 2% deporte del FNDR.<\/p>\n<p style=\"text-align: justify;\"><a href=\"http:\/\/www.radioamigavallenar.cl\/wp-content\/uploads\/2017\/02\/FINAL-GIGANTE-BABY-F\u00daTBOL-VALLENAR-13.jpg\"><img loading=\"lazy\" decoding=\"async\" class=\"alignnone size-medium wp-image-3972\" src=\"http:\/\/www.radioamigavallenar.cl\/wp-content\/uploads\/2017\/02\/FINAL-GIGANTE-BABY-F\u00daTBOL-VALLENAR-13-300x225.jpg\" alt=\"FINAL GIGANTE BABY F\u00daTBOL VALLENAR (13)\" width=\"300\" height=\"225\" srcset=\"https:\/\/www.radioamigavallenar.cl\/wp-content\/uploads\/2017\/02\/FINAL-GIGANTE-BABY-F\u00daTBOL-VALLENAR-13-300x225.jpg 300w, https:\/\/www.radioamigavallenar.cl\/wp-content\/uploads\/2017\/02\/FINAL-GIGANTE-BABY-F\u00daTBOL-VALLENAR-13.jpg 700w\" sizes=\"auto, (max-width: 300px) 100vw, 300px\" \/><\/a> <a href=\"http:\/\/www.radioamigavallenar.cl\/wp-content\/uploads\/2017\/02\/FINAL-GIGANTE-BABY-F\u00daTBOL-VALLENAR-12.jpg\"><img loading=\"lazy\" decoding=\"async\" class=\"alignnone size-medium wp-image-3971\" src=\"http:\/\/www.radioamigavallenar.cl\/wp-content\/uploads\/2017\/02\/FINAL-GIGANTE-BABY-F\u00daTBOL-VALLENAR-12-300x225.jpg\" alt=\"FINAL GIGANTE BABY F\u00daTBOL VALLENAR (12)\" width=\"300\" height=\"225\" srcset=\"https:\/\/www.radioamigavallenar.cl\/wp-content\/uploads\/2017\/02\/FINAL-GIGANTE-BABY-F\u00daTBOL-VALLENAR-12-300x225.jpg 300w, https:\/\/www.radioamigavallenar.cl\/wp-content\/uploads\/2017\/02\/FINAL-GIGANTE-BABY-F\u00daTBOL-VALLENAR-12.jpg 700w\" sizes=\"auto, (max-width: 300px) 100vw, 300px\" \/><\/a> <a href=\"http:\/\/www.radioamigavallenar.cl\/wp-content\/uploads\/2017\/02\/FINAL-GIGANTE-BABY-F\u00daTBOL-VALLENAR-8.jpg\"><img loading=\"lazy\" decoding=\"async\" class=\"alignnone size-medium wp-image-3970\" src=\"http:\/\/www.radioamigavallenar.cl\/wp-content\/uploads\/2017\/02\/FINAL-GIGANTE-BABY-F\u00daTBOL-VALLENAR-8-300x225.jpg\" alt=\"FINAL GIGANTE BABY F\u00daTBOL VALLENAR (8)\" width=\"300\" height=\"225\" srcset=\"https:\/\/www.radioamigavallenar.cl\/wp-content\/uploads\/2017\/02\/FINAL-GIGANTE-BABY-F\u00daTBOL-VALLENAR-8-300x225.jpg 300w, https:\/\/www.radioamigavallenar.cl\/wp-content\/uploads\/2017\/02\/FINAL-GIGANTE-BABY-F\u00daTBOL-VALLENAR-8.jpg 700w\" sizes=\"auto, (max-width: 300px) 100vw, 300px\" \/><\/a> <a href=\"http:\/\/www.radioamigavallenar.cl\/wp-content\/uploads\/2017\/02\/FINAL-GIGANTE-BABY-F\u00daTBOL-VALLENAR-7.jpg\"><img loading=\"lazy\" decoding=\"async\" class=\" size-medium wp-image-3969 alignright\" src=\"http:\/\/www.radioamigavallenar.cl\/wp-content\/uploads\/2017\/02\/FINAL-GIGANTE-BABY-F\u00daTBOL-VALLENAR-7-300x225.jpg\" alt=\"FINAL GIGANTE BABY F\u00daTBOL VALLENAR (7)\" width=\"300\" height=\"225\" srcset=\"https:\/\/www.radioamigavallenar.cl\/wp-content\/uploads\/2017\/02\/FINAL-GIGANTE-BABY-F\u00daTBOL-VALLENAR-7-300x225.jpg 300w, https:\/\/www.radioamigavallenar.cl\/wp-content\/uploads\/2017\/02\/FINAL-GIGANTE-BABY-F\u00daTBOL-VALLENAR-7.jpg 700w\" sizes=\"auto, (max-width: 300px) 100vw, 300px\" \/><\/a> <a href=\"http:\/\/www.radioamigavallenar.cl\/wp-content\/uploads\/2017\/02\/FINAL-GIGANTE-BABY-F\u00daTBOL-VALLENAR-6.jpg\"><img loading=\"lazy\" decoding=\"async\" class=\" size-medium wp-image-3968 aligncenter\" src=\"http:\/\/www.radioamigavallenar.cl\/wp-content\/uploads\/2017\/02\/FINAL-GIGANTE-BABY-F\u00daTBOL-VALLENAR-6-300x225.jpg\" alt=\"FINAL GIGANTE BABY F\u00daTBOL VALLENAR (6)\" width=\"300\" height=\"225\" srcset=\"https:\/\/www.radioamigavallenar.cl\/wp-content\/uploads\/2017\/02\/FINAL-GIGANTE-BABY-F\u00daTBOL-VALLENAR-6-300x225.jpg 300w, https:\/\/www.radioamigavallenar.cl\/wp-content\/uploads\/2017\/02\/FINAL-GIGANTE-BABY-F\u00daTBOL-VALLENAR-6.jpg 700w\" sizes=\"auto, (max-width: 300px) 100vw, 300px\" \/><\/a><\/p>\n","protected":false},"excerpt":{"rendered":"<p>Durante tres semanas, los amantes del f\u00fatbol beb\u00e9 se dieron cita en el Estadio Techado Municipal Honorio Mieres Neira, para ser parte de la versi\u00f3n&hellip; <\/p>\n","protected":false},"author":2,"featured_media":3973,"comment_status":"open","ping_status":"closed","sticky":false,"template":"","format":"standard","meta":{"footnotes":""},"categories":[8],"tags":[],"class_list":["post-3966","post","type-post","status-publish","format-standard","has-post-thumbnail","hentry","category-deportes"],"_links":{"self":[{"href":"https:\/\/www.radioamigavallenar.cl\/index.php?rest_route=\/wp\/v2\/posts\/3966","targetHints":{"allow":["GET"]}}],"collection":[{"href":"https:\/\/www.radioamigavallenar.cl\/index.php?rest_route=\/wp\/v2\/posts"}],"about":[{"href":"https:\/\/www.radioamigavallenar.cl\/index.php?rest_route=\/wp\/v2\/types\/post"}],"author":[{"embeddable":true,"href":"https:\/\/www.radioamigavallenar.cl\/index.php?rest_route=\/wp\/v2\/users\/2"}],"replies":[{"embeddable":true,"href":"https:\/\/www.radioamigavallenar.cl\/index.php?rest_route=%2Fwp%2Fv2%2Fcomments&post=3966"}],"version-history":[{"count":0,"href":"https:\/\/www.radioamigavallenar.cl\/index.php?rest_route=\/wp\/v2\/posts\/3966\/revisions"}],"wp:featuredmedia":[{"embeddable":true,"href":"https:\/\/www.radioamigavallenar.cl\/index.php?rest_route=\/wp\/v2\/media\/3973"}],"wp:attachment":[{"href":"https:\/\/www.radioamigavallenar.cl\/index.php?rest_route=%2Fwp%2Fv2%2Fmedia&parent=3966"}],"wp:term":[{"taxonomy":"category","embeddable":true,"href":"https:\/\/www.radioamigavallenar.cl\/index.php?rest_route=%2Fwp%2Fv2%2Fcategories&post=3966"},{"taxonomy":"post_tag","embeddable":true,"href":"https:\/\/www.radioamigavallenar.cl\/index.php?rest_route=%2Fwp%2Fv2%2Ftags&post=3966"}],"curies":[{"name":"wp","href":"https:\/\/api.w.org\/{rel}","templated":true}]}}