{"id":3962,"date":"2017-02-13T11:03:39","date_gmt":"2017-02-13T14:03:39","guid":{"rendered":"http:\/\/www.radioamigavallenar.cl\/?p=3962"},"modified":"2017-02-13T11:03:39","modified_gmt":"2017-02-13T14:03:39","slug":"comprometen-ayuda-para-club-deportivo-de-chollay","status":"publish","type":"post","link":"https:\/\/www.radioamigavallenar.cl\/?p=3962","title":{"rendered":"Comprometen ayuda para club deportivo de Chollay"},"content":{"rendered":"<p style=\"text-align: justify;\"><a href=\"http:\/\/www.radioamigavallenar.cl\/wp-content\/uploads\/2017\/02\/Chollay-club-deportivo.jpg\"><img loading=\"lazy\" decoding=\"async\" class=\" size-medium wp-image-3963 aligncenter\" src=\"http:\/\/www.radioamigavallenar.cl\/wp-content\/uploads\/2017\/02\/Chollay-club-deportivo-300x200.jpg\" alt=\"Chollay club deportivo\" width=\"300\" height=\"200\" srcset=\"https:\/\/www.radioamigavallenar.cl\/wp-content\/uploads\/2017\/02\/Chollay-club-deportivo-300x200.jpg 300w, https:\/\/www.radioamigavallenar.cl\/wp-content\/uploads\/2017\/02\/Chollay-club-deportivo.jpg 700w\" sizes=\"auto, (max-width: 300px) 100vw, 300px\" \/><\/a><\/p>\n<p style=\"text-align: justify;\">El Seremi del Deporte Osvaldo Carvajal Rodr\u00edguez, concurri\u00f3 junto a los profesionales del IND hasta la localidad de Chollay, en Alto del Carmen, donde se reuni\u00f3 con la comunidad y con los representantes y socios del Club Deportivo Estrella de Chollay, para poner a disposici\u00f3n de la comunidad su ayuda para la cancha de f\u00fatbol, como tambi\u00e9n realizar actividades recreativas para los ni\u00f1os y j\u00f3venes del sector.<\/p>\n<p style=\"text-align: justify;\">\u201cNuestro Intendente Miguel Vargas Correa nos ha instruido a todos los servicios que nos pongamos a disposici\u00f3n de las necesidades de los vecinos y vecinas afectados por el aluvi\u00f3n.\u00a0 En el \u00e1mbito deportivo, qued\u00f3 inutilizada la cancha de f\u00fatbol al caer material del cerro colindante, por eso buscaremos la mejor alternativa para que la comunidad cuente con un espacio deportivo\u201d.<\/p>\n<p style=\"text-align: justify;\">Agreg\u00f3 el Seremi: \u201cComo Ministerio tambi\u00e9n vamos a cooperar con la comunidad realizando actividades deportivas y recreativas para los cerca de 25 ni\u00f1os y j\u00f3venes que del sector, por lo que se trasladar\u00e1 los mi\u00e9rcoles un profesor de educaci\u00f3n f\u00edsica del IND. Asimismo, vamos a apoyar al Club Deportivo Estrella de Chollay para que adec\u00fae sus estatutos a la Ley del Deporte y as\u00ed puedan acceder a m\u00e1s recursos del Estado al postular sus proyectos deportivos\u201d.<\/p>\n<p style=\"text-align: justify;\">Desde el club deportivo manifestaron su agradecimiento por el apoyo de las autoridades, ya que una gran cantidad de sus implementos se vieron afectados por el aluvi\u00f3n, lo que significa un retraso en la planificaci\u00f3n de sus actividades deportivas. \u201chemos sido afectados como club deportivo al igual que la mayor\u00eda de nuestros vecinos, muchos de ellos que perdieron hasta sus casas, por ello ha sido una gran noticia que las autoridades del deporte se hayan desplazado hasta nuestra localidad para brindarnos su ayuda\u201d comentaron desde la instituci\u00f3n deportiva.<\/p>\n","protected":false},"excerpt":{"rendered":"<p>El Seremi del Deporte Osvaldo Carvajal Rodr\u00edguez, concurri\u00f3 junto a los profesionales del IND hasta la localidad de Chollay, en Alto del Carmen, donde se&hellip; <\/p>\n","protected":false},"author":2,"featured_media":3963,"comment_status":"open","ping_status":"closed","sticky":false,"template":"","format":"standard","meta":{"footnotes":""},"categories":[8],"tags":[],"class_list":["post-3962","post","type-post","status-publish","format-standard","has-post-thumbnail","hentry","category-deportes"],"_links":{"self":[{"href":"https:\/\/www.radioamigavallenar.cl\/index.php?rest_route=\/wp\/v2\/posts\/3962","targetHints":{"allow":["GET"]}}],"collection":[{"href":"https:\/\/www.radioamigavallenar.cl\/index.php?rest_route=\/wp\/v2\/posts"}],"about":[{"href":"https:\/\/www.radioamigavallenar.cl\/index.php?rest_route=\/wp\/v2\/types\/post"}],"author":[{"embeddable":true,"href":"https:\/\/www.radioamigavallenar.cl\/index.php?rest_route=\/wp\/v2\/users\/2"}],"replies":[{"embeddable":true,"href":"https:\/\/www.radioamigavallenar.cl\/index.php?rest_route=%2Fwp%2Fv2%2Fcomments&post=3962"}],"version-history":[{"count":0,"href":"https:\/\/www.radioamigavallenar.cl\/index.php?rest_route=\/wp\/v2\/posts\/3962\/revisions"}],"wp:featuredmedia":[{"embeddable":true,"href":"https:\/\/www.radioamigavallenar.cl\/index.php?rest_route=\/wp\/v2\/media\/3963"}],"wp:attachment":[{"href":"https:\/\/www.radioamigavallenar.cl\/index.php?rest_route=%2Fwp%2Fv2%2Fmedia&parent=3962"}],"wp:term":[{"taxonomy":"category","embeddable":true,"href":"https:\/\/www.radioamigavallenar.cl\/index.php?rest_route=%2Fwp%2Fv2%2Fcategories&post=3962"},{"taxonomy":"post_tag","embeddable":true,"href":"https:\/\/www.radioamigavallenar.cl\/index.php?rest_route=%2Fwp%2Fv2%2Ftags&post=3962"}],"curies":[{"name":"wp","href":"https:\/\/api.w.org\/{rel}","templated":true}]}}