{"id":3959,"date":"2017-02-13T10:59:20","date_gmt":"2017-02-13T13:59:20","guid":{"rendered":"http:\/\/www.radioamigavallenar.cl\/?p=3959"},"modified":"2017-02-13T10:59:20","modified_gmt":"2017-02-13T13:59:20","slug":"chollay-agradece-ayuda-recibida-y-espera-que-apoyo-se-mantenga","status":"publish","type":"post","link":"https:\/\/www.radioamigavallenar.cl\/?p=3959","title":{"rendered":"Chollay agradece ayuda recibida y espera que apoyo se mantenga"},"content":{"rendered":"<p style=\"text-align: justify;\"><a href=\"http:\/\/www.radioamigavallenar.cl\/wp-content\/uploads\/2017\/02\/Vecinos-Chollay.jpg\"><img loading=\"lazy\" decoding=\"async\" class=\" size-medium wp-image-3960 aligncenter\" src=\"http:\/\/www.radioamigavallenar.cl\/wp-content\/uploads\/2017\/02\/Vecinos-Chollay-300x200.jpg\" alt=\"Vecinos Chollay\" width=\"300\" height=\"200\" srcset=\"https:\/\/www.radioamigavallenar.cl\/wp-content\/uploads\/2017\/02\/Vecinos-Chollay-300x200.jpg 300w, https:\/\/www.radioamigavallenar.cl\/wp-content\/uploads\/2017\/02\/Vecinos-Chollay.jpg 700w\" sizes=\"auto, (max-width: 300px) 100vw, 300px\" \/><\/a><\/p>\n<p style=\"text-align: justify;\">\u201cCansada, agotada pero agradecida del apoyo que hemos recibido, para solucionar nuestros problemas m\u00e1s urgentes, un agradecimiento a las autoridades y a toda la gente que en distintos momentos se han hecho presente para ayudar, estamos conscientes que hay temas\u00a0 que son m\u00e1s urgentes que otros, que se va ir avanzando en cada una de las necesidades y requerimientos, sabemos del riesgo que presentan algunos lugares en los cuales\u00a0 estamos viviendo y recibimos de buena manera la evaluaci\u00f3n y la orientaci\u00f3n que los especialistas nos est\u00e1n se\u00f1alando y todo eso se agradece, sin embargo nos invade el temor al abandono luego de la emergencia\u201d, se\u00f1al\u00f3 la presidenta de la junta de vecinos de Chollay, Sandra Ramos,\u00a0 luego de un recorrido realizado junto a la gobernadora de la provincia Alexandra N\u00fa\u00f1ez, y a\u00a0 la alcaldesa de la comuna, Carmen Bou, preocupaci\u00f3n que fue acogida por las autoridades quienes manifestaron su compromiso a estar en todo momento junto a la comunidad.<\/p>\n<p style=\"text-align: justify;\">\u201cLa preocupaci\u00f3n del gobierno, ha estado desde el primer minuto en que se produjo el aluvi\u00f3n, desplegando todo un equipo de trabajo, t\u00e9cnico y humano, que ha permitido llevar a cabo oportunamente las distintas acciones que ha requerido la emergencia y eso se va a mantener\u00a0 hasta que sea necesario, es nuestra obligaci\u00f3n y es la instrucci\u00f3n que nos ha se\u00f1alado la propia Presidenta de la Rep\u00fablica, estamos en terreno con cada uno de los servicios que el gobierno tiene en la regi\u00f3n, se trabaja con el sector productivo, con los regantes, se avanza y se proyecta en materia de obras p\u00fablicas, en la reposici\u00f3n de los caminos, est\u00e1 la preocupaci\u00f3n por el tema del transporte, la conectividad, vivienda, en lo social, en fin estamos presente y esa es nuestra mayor preocupaci\u00f3n\u201d, \u00a0se\u00f1al\u00f3 la Gobernadora.<\/p>\n<p style=\"text-align: justify;\">En tanto la alcaldesa de la comuna, Carmen Bou, valor\u00f3 tambi\u00e9n el trabajo de los distintos estamentos p\u00fablicos que est\u00e1n trabajando y la relaci\u00f3n que se ha establecido con el municipio para llevar a cabo una tarea que no es f\u00e1cil y que requiere de la colaboraci\u00f3n de todos, \u201cy en esa tarea nos vamos a mantener, nuestra preocupaci\u00f3n son las personas, su seguridad, su bienestar y su desarrollo, hay que ponerse de pie y la gente de nuestro valle\u00a0 sabe hacerlo y para ello requerimos del apoyo de todos\u201d, destac\u00f3.<\/p>\n<p style=\"text-align: justify;\">Las autoridades, acompa\u00f1adas,\u00a0 por el delegado provincial del SERVIU, llevaron a cabo esta semana, la entrega de las respectivas tarjetas de cr\u00e9dito que han de permitir la compra de materiales para las viviendas que resultaron con da\u00f1os y que est\u00e1n en condiciones de ser reparadas.<\/p>\n<p style=\"text-align: justify;\">La informaci\u00f3n entregada esta semana, tambi\u00e9n por el seremi de la vivienda, Rodrigo Ocaranza, luego de la evaluaci\u00f3n que ha realizado su equipo da cuenta que hay 22 casas destruidas, con da\u00f1o total y 7 Casas con da\u00f1o menor.\u00a0 Se trabaja en un plan de mitigaci\u00f3n el que contempla 18 casas de emergencia 3 arriendos de subsidio, 7 tarjetas para compra de materiales, las que se hicieron entrega el d\u00eda jueves, adem\u00e1s de la entrega de 33 bonos de enseres, los que han de ser depositados a la brevedad.<\/p>\n<p style=\"text-align: justify;\">Durante la jornada la gobernadora, tambi\u00e9n se reuni\u00f3 en terreno\u00a0 con los seremis de econom\u00eda y \u00a0miner\u00eda, con el director regional de turismo, con el jefe provincial de Vialidad, para conocer de las distintas acciones que se est\u00e1n llevando a cabo y que permiten avanzar en las distintas \u00e1reas en las que se trabajan intensamente en la zona.<\/p>\n","protected":false},"excerpt":{"rendered":"<p>\u201cCansada, agotada pero agradecida del apoyo que hemos recibido, para solucionar nuestros problemas m\u00e1s urgentes, un agradecimiento a las autoridades y a toda la gente&hellip; <\/p>\n","protected":false},"author":2,"featured_media":3960,"comment_status":"open","ping_status":"closed","sticky":false,"template":"","format":"standard","meta":{"footnotes":""},"categories":[5],"tags":[],"class_list":["post-3959","post","type-post","status-publish","format-standard","has-post-thumbnail","hentry","category-alto-del-carmen"],"_links":{"self":[{"href":"https:\/\/www.radioamigavallenar.cl\/index.php?rest_route=\/wp\/v2\/posts\/3959","targetHints":{"allow":["GET"]}}],"collection":[{"href":"https:\/\/www.radioamigavallenar.cl\/index.php?rest_route=\/wp\/v2\/posts"}],"about":[{"href":"https:\/\/www.radioamigavallenar.cl\/index.php?rest_route=\/wp\/v2\/types\/post"}],"author":[{"embeddable":true,"href":"https:\/\/www.radioamigavallenar.cl\/index.php?rest_route=\/wp\/v2\/users\/2"}],"replies":[{"embeddable":true,"href":"https:\/\/www.radioamigavallenar.cl\/index.php?rest_route=%2Fwp%2Fv2%2Fcomments&post=3959"}],"version-history":[{"count":0,"href":"https:\/\/www.radioamigavallenar.cl\/index.php?rest_route=\/wp\/v2\/posts\/3959\/revisions"}],"wp:featuredmedia":[{"embeddable":true,"href":"https:\/\/www.radioamigavallenar.cl\/index.php?rest_route=\/wp\/v2\/media\/3960"}],"wp:attachment":[{"href":"https:\/\/www.radioamigavallenar.cl\/index.php?rest_route=%2Fwp%2Fv2%2Fmedia&parent=3959"}],"wp:term":[{"taxonomy":"category","embeddable":true,"href":"https:\/\/www.radioamigavallenar.cl\/index.php?rest_route=%2Fwp%2Fv2%2Fcategories&post=3959"},{"taxonomy":"post_tag","embeddable":true,"href":"https:\/\/www.radioamigavallenar.cl\/index.php?rest_route=%2Fwp%2Fv2%2Ftags&post=3959"}],"curies":[{"name":"wp","href":"https:\/\/api.w.org\/{rel}","templated":true}]}}