{"id":3955,"date":"2017-02-13T10:50:07","date_gmt":"2017-02-13T13:50:07","guid":{"rendered":"http:\/\/www.radioamigavallenar.cl\/?p=3955"},"modified":"2017-02-13T10:51:32","modified_gmt":"2017-02-13T13:51:32","slug":"ips-realizo-pagos-previsionales-en-chollay","status":"publish","type":"post","link":"https:\/\/www.radioamigavallenar.cl\/?p=3955","title":{"rendered":"IPS realiz\u00f3 pagos previsionales en Chollay"},"content":{"rendered":"<p style=\"text-align: justify;\"><a href=\"http:\/\/www.radioamigavallenar.cl\/wp-content\/uploads\/2017\/02\/FPCH1.jpg\"><img loading=\"lazy\" decoding=\"async\" class=\" size-medium wp-image-3956 aligncenter\" src=\"http:\/\/www.radioamigavallenar.cl\/wp-content\/uploads\/2017\/02\/FPCH1-300x205.jpg\" alt=\"FPCH1\" width=\"300\" height=\"205\" srcset=\"https:\/\/www.radioamigavallenar.cl\/wp-content\/uploads\/2017\/02\/FPCH1-300x205.jpg 300w, https:\/\/www.radioamigavallenar.cl\/wp-content\/uploads\/2017\/02\/FPCH1.jpg 700w\" sizes=\"auto, (max-width: 300px) 100vw, 300px\" \/><\/a><\/p>\n<p style=\"text-align: justify;\">Cumpliendo con el compromiso de mantener el pago de las pensiones y aportes del Estado sin modificaciones pese a los aluviones en Chollay, el IPS lleg\u00f3 hasta la localidad para materializar las atenciones a los usuarios y usuarias, que cada mes realizan el cobro en la ruta m\u00f3vil de pago que tiene implementado el Instituto de Previsi\u00f3n Social.<\/p>\n<p style=\"text-align: justify;\">David Marin, jefe de la Sucursal Vallenar del IPS evalu\u00f3 de forma positiva la jornada, donde se hizo un trabajo de coordinaci\u00f3n previo para no tener inconvenientes el d\u00eda del pago. Se\u00f1al\u00f3 que \u201cpara nosotros como IPS es muy gratificante poder realizar de igual forma el servicio de la ruta m\u00f3vil, pese a las condiciones en que se encontraba el lugar donde realizamos habitualmente los pagos, sin embargo creo que hacer el esfuerzo es parte de nuestra misi\u00f3n como servicio p\u00fablico y hoy vimos que la gente estaba muy satisfecha con ello\u201d.<\/p>\n<p style=\"text-align: justify;\">Sandra Ramos, presidenta de la junta de vecinos de Chollay dijo que \u201cacciones concretas como estas son muy positivas para quienes estamos afectados por el aluvi\u00f3n. Qu\u00e9 mejor que recibir el dinero como cada mes, sin retrasos y en la misma comunidad\u201d.<\/p>\n<p style=\"text-align: justify;\">Pero tambi\u00e9n hay quienes por diferentes motivos se trasladaron hasta Vallenar tras la emergencia, para quedarse en casa de familiares, a esas personas se les realiz\u00f3 su pago en la sucursal del IPS, como el caso de Ver\u00f3nica D\u00edaz Alquinta, quien es apoderada de sus padres y valor\u00f3 que no se retrasara la entrega de los dineros \u201ca nosotros nos ayuda que esto se haga como est\u00e1 programado porque en algo ayuda la pensi\u00f3n para los gastos que se tienen\u201d.<\/p>\n<p style=\"text-align: justify;\">Las personas que registran pago en Chollay y que por diferentes motivos no efectuaron el cobro de sus pensiones o beneficios el d\u00eda 9 de febrero, podr\u00e1n hacerlo a contar del d\u00eda 13 del mismo mes en cualquier sucursal de la caja de compensaci\u00f3n Los H\u00e9roes.<\/p>\n<p style=\"text-align: justify;\">\n","protected":false},"excerpt":{"rendered":"<p>Cumpliendo con el compromiso de mantener el pago de las pensiones y aportes del Estado sin modificaciones pese a los aluviones en Chollay, el IPS&hellip; <\/p>\n","protected":false},"author":2,"featured_media":3956,"comment_status":"open","ping_status":"closed","sticky":false,"template":"","format":"standard","meta":{"footnotes":""},"categories":[7],"tags":[],"class_list":["post-3955","post","type-post","status-publish","format-standard","has-post-thumbnail","hentry","category-atacama"],"_links":{"self":[{"href":"https:\/\/www.radioamigavallenar.cl\/index.php?rest_route=\/wp\/v2\/posts\/3955","targetHints":{"allow":["GET"]}}],"collection":[{"href":"https:\/\/www.radioamigavallenar.cl\/index.php?rest_route=\/wp\/v2\/posts"}],"about":[{"href":"https:\/\/www.radioamigavallenar.cl\/index.php?rest_route=\/wp\/v2\/types\/post"}],"author":[{"embeddable":true,"href":"https:\/\/www.radioamigavallenar.cl\/index.php?rest_route=\/wp\/v2\/users\/2"}],"replies":[{"embeddable":true,"href":"https:\/\/www.radioamigavallenar.cl\/index.php?rest_route=%2Fwp%2Fv2%2Fcomments&post=3955"}],"version-history":[{"count":0,"href":"https:\/\/www.radioamigavallenar.cl\/index.php?rest_route=\/wp\/v2\/posts\/3955\/revisions"}],"wp:featuredmedia":[{"embeddable":true,"href":"https:\/\/www.radioamigavallenar.cl\/index.php?rest_route=\/wp\/v2\/media\/3956"}],"wp:attachment":[{"href":"https:\/\/www.radioamigavallenar.cl\/index.php?rest_route=%2Fwp%2Fv2%2Fmedia&parent=3955"}],"wp:term":[{"taxonomy":"category","embeddable":true,"href":"https:\/\/www.radioamigavallenar.cl\/index.php?rest_route=%2Fwp%2Fv2%2Fcategories&post=3955"},{"taxonomy":"post_tag","embeddable":true,"href":"https:\/\/www.radioamigavallenar.cl\/index.php?rest_route=%2Fwp%2Fv2%2Ftags&post=3955"}],"curies":[{"name":"wp","href":"https:\/\/api.w.org\/{rel}","templated":true}]}}