{"id":3944,"date":"2017-02-11T22:54:11","date_gmt":"2017-02-12T01:54:11","guid":{"rendered":"http:\/\/www.radioamigavallenar.cl\/?p=3944"},"modified":"2017-02-11T22:54:11","modified_gmt":"2017-02-12T01:54:11","slug":"vallenar-verano-solidario-te-invita-a-la-noche-de-los-enamorados-con-los-hermanos-zabaleta","status":"publish","type":"post","link":"https:\/\/www.radioamigavallenar.cl\/?p=3944","title":{"rendered":"\u201cVallenar Verano Solidario\u201d te invita a la Noche de los Enamorados con los Hermanos Zabaleta"},"content":{"rendered":"<p style=\"text-align: justify;\"><a href=\"http:\/\/www.radioamigavallenar.cl\/wp-content\/uploads\/2017\/02\/afiche-noche-de-los-enamorados.jpg\"><img loading=\"lazy\" decoding=\"async\" class=\" size-medium wp-image-3947 aligncenter\" src=\"http:\/\/www.radioamigavallenar.cl\/wp-content\/uploads\/2017\/02\/afiche-noche-de-los-enamorados-300x250.jpg\" alt=\"afiche noche de los enamorados\" width=\"300\" height=\"250\" srcset=\"https:\/\/www.radioamigavallenar.cl\/wp-content\/uploads\/2017\/02\/afiche-noche-de-los-enamorados-300x250.jpg 300w, https:\/\/www.radioamigavallenar.cl\/wp-content\/uploads\/2017\/02\/afiche-noche-de-los-enamorados.jpg 700w\" sizes=\"auto, (max-width: 300px) 100vw, 300px\" \/><\/a><\/p>\n<p style=\"text-align: justify;\">Este martes 14 de febrero, desde las 21:00 horas, se celebrar\u00e1 al amor con la actividad denominada \u00abNoche de los Enamorados\u00bb, la cual se enmarca en la campa\u00f1a solidaria impulsada por la Municipalidad de Vallenar, las Organizaciones Sociales y los Medios de Comunicaci\u00f3n Unidos, que busca reunir ayuda para los afectados de Chollay.<\/p>\n<p style=\"text-align: justify;\">\u201cVamos a contar con la actuaci\u00f3n de artistas locales, obviamente como corresponde, los anfitriones, los due\u00f1os de casa y adem\u00e1s, la invitaci\u00f3n de una agrupaci\u00f3n de artistas nacionales de trayectoria, que tambi\u00e9n interpretan la m\u00fasica que llega directo al coraz\u00f3n y que activa nuestras emociones, as\u00ed que va ser un bonito espect\u00e1culo, lo estamos preparando de forma muy cuidada, para que una vez m\u00e1s la comunidad de Vallenar pueda celebrar el d\u00eda de los enamorados y que este verano 2017 se enmarca en las actividades de Vallenar Verano Solidario, que bueno lamentablemente por todo lo que ha ocurrido en el interior de nuestro valle, nos vemos obviamente, con mucho compromiso motivados a trabajar por generar la ayuda solidaria que se requiere en este momento\u201d, asever\u00f3 Fabiola P\u00e9rez Tapia, encargada de cultura de la Municipalidad de Vallenar.<\/p>\n<p style=\"text-align: justify;\">La actividad del amor y la solidaridad, se realizar\u00e1 desde las 21:00 horas en el Anfiteatro Paseo Ribere\u00f1o, el cual se ubica entre puentes Talca y Brasil. Primero se presentar\u00e1n artistas locales que le cantar\u00e1n al amor, luego ser\u00e1 el turno de los reyes rom\u00e1nticos de los a\u00f1os 60\u00b4, se trata de Los Hermanos Zabaleta, quienes deleitar\u00e1n al p\u00fablico con temas como Dime, Al pasar esa edad, Eres, A tu recuerdo, Est\u00e1s Herida, entre otras.<\/p>\n<p style=\"text-align: justify;\">\u201cEst\u00e1n todos cordialmente invitados, pero recordar tambi\u00e9n que podemos disfrutar y ayudar, m\u00e1s a\u00fan cuando estamos hablando de nuestros vecinos del interior del Valle, recordar que la identidad nuestra es una, que tiene que ver con la identidad huasquina, por lo tanto siempre somos uno, que es el Valle del Huasco y si en esta oportunidad lamentablemente, los vecinos de Chollay, los habitantes de esta localidad est\u00e1n sufriendo, siempre hay una ra\u00edz en relaci\u00f3n a ellos y debemos hacernos presentes, as\u00ed que todos a participar de esta celebraci\u00f3n del d\u00eda de los enamorados en el marco de Vallenar Verano Solidario\u201d, coment\u00f3 Fabiola.<\/p>\n<p style=\"text-align: justify;\">Que esta \u00abNoche de los Enamorados\u00bb llegue a tu coraz\u00f3n y asiste para <span class=\"m_891691908599658595gmail-textexposedshow\">colaborar con alimentos no perecibles, agua, \u00fatiles de aseo personal o de hogar, para nuestros vecinos de Chollay.<\/span><\/p>\n","protected":false},"excerpt":{"rendered":"<p>Este martes 14 de febrero, desde las 21:00 horas, se celebrar\u00e1 al amor con la actividad denominada \u00abNoche de los Enamorados\u00bb, la cual se enmarca&hellip; <\/p>\n","protected":false},"author":2,"featured_media":3945,"comment_status":"open","ping_status":"closed","sticky":false,"template":"","format":"standard","meta":{"footnotes":""},"categories":[2],"tags":[],"class_list":["post-3944","post","type-post","status-publish","format-standard","has-post-thumbnail","hentry","category-vallenar"],"_links":{"self":[{"href":"https:\/\/www.radioamigavallenar.cl\/index.php?rest_route=\/wp\/v2\/posts\/3944","targetHints":{"allow":["GET"]}}],"collection":[{"href":"https:\/\/www.radioamigavallenar.cl\/index.php?rest_route=\/wp\/v2\/posts"}],"about":[{"href":"https:\/\/www.radioamigavallenar.cl\/index.php?rest_route=\/wp\/v2\/types\/post"}],"author":[{"embeddable":true,"href":"https:\/\/www.radioamigavallenar.cl\/index.php?rest_route=\/wp\/v2\/users\/2"}],"replies":[{"embeddable":true,"href":"https:\/\/www.radioamigavallenar.cl\/index.php?rest_route=%2Fwp%2Fv2%2Fcomments&post=3944"}],"version-history":[{"count":0,"href":"https:\/\/www.radioamigavallenar.cl\/index.php?rest_route=\/wp\/v2\/posts\/3944\/revisions"}],"wp:featuredmedia":[{"embeddable":true,"href":"https:\/\/www.radioamigavallenar.cl\/index.php?rest_route=\/wp\/v2\/media\/3945"}],"wp:attachment":[{"href":"https:\/\/www.radioamigavallenar.cl\/index.php?rest_route=%2Fwp%2Fv2%2Fmedia&parent=3944"}],"wp:term":[{"taxonomy":"category","embeddable":true,"href":"https:\/\/www.radioamigavallenar.cl\/index.php?rest_route=%2Fwp%2Fv2%2Fcategories&post=3944"},{"taxonomy":"post_tag","embeddable":true,"href":"https:\/\/www.radioamigavallenar.cl\/index.php?rest_route=%2Fwp%2Fv2%2Ftags&post=3944"}],"curies":[{"name":"wp","href":"https:\/\/api.w.org\/{rel}","templated":true}]}}